{"id":1103,"date":"2026-09-03T06:39:13","date_gmt":"2026-09-03T06:39:13","guid":{"rendered":"https:\/\/ipocasfurniture.com\/?p=1103"},"modified":"2026-09-03T06:39:13","modified_gmt":"2026-09-03T06:39:13","slug":"outdoor-furniture-specification-trends-what-architects-evaluate","status":"publish","type":"post","link":"https:\/\/ipocasfurniture.com\/fr\/outdoor-furniture-specification-trends-what-architects-evaluate\/","title":{"rendered":"Tendances en mati\u00e8re de sp\u00e9cifications pour le mobilier d'ext\u00e9rieur : ce que les architectes prennent en compte"},"content":{"rendered":"<p class=\"wp-block-paragraph\">Les cahiers des charges r\u00e9v\u00e8lent les raccourcis. Lorsqu\u2019une proposition de mobilier d\u2019ext\u00e9rieur est accompagn\u00e9e de rendus attrayants, d\u2019une note de confort apaisante et d\u2019une garantie \u201c toutes conditions m\u00e9t\u00e9orologiques \u201d, je tiens \u00e0 v\u00e9rifier si les \u00e9l\u00e9ments cach\u00e9s couvrent bien la structure r\u00e9elle, les finitions, les assemblages, le mobilier et les probl\u00e8mes de fonctionnement que le projet ne manquera pas d\u2019entra\u00eener. Que validons-nous exactement ?<\/p>\n\n\n\n<p class=\"wp-block-paragraph\">Les architectes \u00e9valuent le mobilier d'ext\u00e9rieur \u00e0 travers une s\u00e9rie de questions interd\u00e9pendantes : r\u00e9sistera-t-il aux conditions du site ? Est-il s\u00fbr et confortable ? Les utilisateurs peuvent-ils s'en servir facilement ? L'exploitant peut-il l'entretenir ? Et la documentation justifie-t-elle l'acquisition ?<\/p>\n\n\n\n<p class=\"wp-block-paragraph\">Mon point de vue est simple : les crit\u00e8res de conception du mobilier d'ext\u00e9rieur qu'il convient de respecter sont ceux qui permettent de r\u00e9pondre beaucoup plus facilement \u00e0 ces questions. C'est une question de style. Cependant, une forme esth\u00e9tique ne saurait compenser une efficacit\u00e9 insuffisante en mati\u00e8re de soutien.<\/p>\n\n\n\n<figure class=\"wp-block-image size-full\"><img decoding=\"async\" width=\"960\" height=\"720\" src=\"https:\/\/ipocasfurniture.com\/wp-content\/uploads\/2026\/09\/Outdoor-Furniture-Specification-Trends-3.jpg\" alt=\"Tendances en mati\u00e8re de sp\u00e9cifications des meubles d&#039;ext\u00e9rieur\" class=\"wp-image-1104\" title=\"\" srcset=\"https:\/\/ipocasfurniture.com\/wp-content\/uploads\/2026\/09\/Outdoor-Furniture-Specification-Trends-3.jpg 960w, https:\/\/ipocasfurniture.com\/wp-content\/uploads\/2026\/09\/Outdoor-Furniture-Specification-Trends-3-300x225.jpg 300w, https:\/\/ipocasfurniture.com\/wp-content\/uploads\/2026\/09\/Outdoor-Furniture-Specification-Trends-3-768x576.jpg 768w, https:\/\/ipocasfurniture.com\/wp-content\/uploads\/2026\/09\/Outdoor-Furniture-Specification-Trends-3-16x12.jpg 16w, https:\/\/ipocasfurniture.com\/wp-content\/uploads\/2026\/09\/Outdoor-Furniture-Specification-Trends-3-600x450.jpg 600w\" sizes=\"(max-width: 960px) 100vw, 960px\" \/><\/figure>\n\n\n\n<h2 id=\"outside-furniture-specs-ask-what-the-proof-actually-covers\" class=\"wp-block-heading\">Caract\u00e9ristiques techniques du mobilier d'ext\u00e9rieur : renseignez-vous sur ce que couvre r\u00e9ellement la garantie<\/h2>\n\n\n\n<p class=\"wp-block-paragraph\">\u201cL\u2019expression \u201d accord hors mobilier \u00bb doit donner lieu \u00e0 un d\u00e9bat technique.<\/p>\n\n\n\n<p class=\"wp-block-paragraph\">Je demanderais sans aucun doute l\u2019identifiant exact de la version, l\u2019utilisation pr\u00e9vue, les rapports d\u2019essais pertinents, les consignes d\u2019installation, les besoins en mati\u00e8re de maintenance et la garantie commerciale avant de consid\u00e9rer cette description comme valable. Un rapport doit \u00e9galement \u00e9tablir un lien clair avec l\u2019article propos\u00e9.<\/p>\n\n\n\n<p class=\"wp-block-paragraph\">Cela concerne-t-il la chaise en cours d'acquisition ? La structure exactement identique ? La m\u00eame approche en mati\u00e8re d'accessoires ?<\/p>\n\n\n\n<p class=\"wp-block-paragraph\">Les cons\u00e9quences de ces d\u00e9fauts architecturaux ont \u00e9t\u00e9 document\u00e9es. Le 21 d\u00e9cembre 2023, l'Agence am\u00e9ricaine de s\u00e9curit\u00e9 des produits de consommation a lanc\u00e9 un rappel concernant environ&nbsp;<strong>29 000 chaises de restaurant en bois et en corde de la marque TJX<\/strong>&nbsp;car leurs structures en bois risquaient de s\u2019endommager ou de s\u2019effondrer. L\u2019avis faisait \u00e9tat de huit cas de d\u00e9faillance et de six cas de blessures l\u00e9g\u00e8res.<\/p>\n\n\n\n<p class=\"wp-block-paragraph\">Ce cas met en \u00e9vidence un mode de d\u00e9faillance. Il ne permet g\u00e9n\u00e9ralement pas de d\u00e9terminer le taux de d\u00e9faillance des si\u00e8ges en tissu.<\/p>\n\n\n\n<p class=\"wp-block-paragraph\">Pour une proposition telle qu'une&nbsp;<a href=\"https:\/\/ipocasfurniture.com\/fr\/wholesale-woven-patio-dining-set-with-cushioned-armchairs\/\">coin repas d'ext\u00e9rieur en osier, \u00e9quip\u00e9 de chaises \u00e0 accoudoirs avec dossier<\/a>, je demanderais sans aucun doute \u00e0 voir des photos montrant la chaise dans son int\u00e9gralit\u00e9, puis j'examinerais comment les coussins, les accoudoirs, les articulations et les pieds influencent son utilisation au quotidien.<\/p>\n\n\n\n<p class=\"wp-block-paragraph\">Une capacit\u00e9 de charge indiqu\u00e9e laisse des questions en suspens concernant les charges r\u00e9p\u00e9t\u00e9es, la stabilit\u00e9 et l'usure. Les sp\u00e9cifications exigent que ces questions soient trait\u00e9es s\u00e9par\u00e9ment.<\/p>\n\n\n\n<h2 id=\"site-exposure-should-drive-material-and-complete-choices\" class=\"wp-block-heading\">L'exposition du site doit d\u00e9terminer le choix des mat\u00e9riaux et des finitions<\/h2>\n\n\n\n<p class=\"wp-block-paragraph\">Il n'y a pas de r\u00e9ponse universelle \u00e0 la question \u201c Quels sont les produits les plus efficaces pour le mobilier d'ext\u00e9rieur ? \u201d<\/p>\n\n\n\n<p class=\"wp-block-paragraph\">Commencez par l'emplacement : terrasse en bord de mer, cour ombrag\u00e9e, toit am\u00e9nag\u00e9, terrasse de piscine ou terrasse d'un restaurant saisonnier. Notez ensuite l'exposition directe au soleil, l'humidit\u00e9, les produits chimiques de nettoyage, les solutions de rangement et la facilit\u00e9 d'entretien.<\/p>\n\n\n\n<p class=\"wp-block-paragraph\">L'analyse de la NOAA a r\u00e9v\u00e9l\u00e9 que&nbsp;<strong>En 2024, la temp\u00e9rature de surface mondiale \u00e9tait sup\u00e9rieure de 1,29 \u00b0C \u00e0 la moyenne du XXe si\u00e8cle.<\/strong>, soit la valeur annuelle la plus \u00e9lev\u00e9e jamais enregistr\u00e9e entre 1850 et 2024. Cela permet de replacer dans son contexte la n\u00e9cessit\u00e9 de prendre au s\u00e9rieux l'exposition directe \u00e0 la chaleur ; cela ne permet toutefois pas de pr\u00e9dire la temp\u00e9rature \u00e0 la surface d'une chaise en particulier ni sa dur\u00e9e de vie.<\/p>\n\n\n\n<p class=\"wp-block-paragraph\">Je proposerais d'int\u00e9grer des exemples de surfaces expos\u00e9es au soleil dans le t\u00e9moignage. Demandez aux participants comment ils per\u00e7oivent la couleur et le produit choisis dans des conditions repr\u00e9sentatives, et s'ils risquent de se retrouver face \u00e0 des accoudoirs chauds, des coussins humides ou un \u00e9clat g\u00eanant.<\/p>\n\n\n\n<p class=\"wp-block-paragraph\">Ensuite, examinez les cas de laboratoire.<\/p>\n\n\n\n<p class=\"wp-block-paragraph\">La norme ASTM B117 d\u00e9crit une atmosph\u00e8re contr\u00f4l\u00e9e de brouillard salin destin\u00e9e \u00e0 comparer la r\u00e9sistance \u00e0 la corrosion. L'ASTM pr\u00e9cise clairement que les r\u00e9sultats obtenus dans ce cadre, pris isol\u00e9ment, ne correspondent en r\u00e9alit\u00e9 que rarement \u00e0 la performance observ\u00e9e en milieu naturel.&nbsp;<strong>Les heures d'exposition au brouillard salin ne correspondent pas directement \u00e0 des ann\u00e9es pass\u00e9es \u00e0 l'ext\u00e9rieur.<\/strong><\/p>\n\n\n\n<p class=\"wp-block-paragraph\">Lorsqu'un prestataire fournit un r\u00e9sultat \u201c 1 000 heures \u201d, je souhaite obtenir le r\u00e9sum\u00e9 de l'\u00e9chantillonnage, les pr\u00e9paratifs, les conditions d'exposition, les crit\u00e8res d'\u00e9valuation et le r\u00e9sultat consign\u00e9. L'essai a-t-il \u00e9t\u00e9 r\u00e9alis\u00e9 sur un panneau rev\u00eatu ou sur un \u00e9l\u00e9ment construit ? Les joints et les bords endommag\u00e9s ont-ils \u00e9t\u00e9 pris en compte ?<\/p>\n\n\n\n<p class=\"wp-block-paragraph\">Ces informations permettent de d\u00e9terminer \u00e0 quoi ce num\u00e9ro peut servir.<\/p>\n\n\n\n<figure class=\"wp-block-image size-full\"><img decoding=\"async\" width=\"960\" height=\"720\" src=\"https:\/\/ipocasfurniture.com\/wp-content\/uploads\/2026\/09\/Outdoor-Furniture-Specification-Trends-4.jpg\" alt=\"Tendances en mati\u00e8re de sp\u00e9cifications des meubles d&#039;ext\u00e9rieur\" class=\"wp-image-1105\" title=\"\" srcset=\"https:\/\/ipocasfurniture.com\/wp-content\/uploads\/2026\/09\/Outdoor-Furniture-Specification-Trends-4.jpg 960w, https:\/\/ipocasfurniture.com\/wp-content\/uploads\/2026\/09\/Outdoor-Furniture-Specification-Trends-4-300x225.jpg 300w, https:\/\/ipocasfurniture.com\/wp-content\/uploads\/2026\/09\/Outdoor-Furniture-Specification-Trends-4-768x576.jpg 768w, https:\/\/ipocasfurniture.com\/wp-content\/uploads\/2026\/09\/Outdoor-Furniture-Specification-Trends-4-16x12.jpg 16w, https:\/\/ipocasfurniture.com\/wp-content\/uploads\/2026\/09\/Outdoor-Furniture-Specification-Trends-4-600x450.jpg 600w\" sizes=\"(max-width: 960px) 100vw, 960px\" \/><\/figure>\n\n\n\n<h2 id=\"relocating-parts-and-furniture-geometry-deserve-their-own-testimonial\" class=\"wp-block-heading\">Le d\u00e9m\u00e9nagement des pi\u00e8ces et la g\u00e9om\u00e9trie du mobilier m\u00e9ritent un t\u00e9moignage \u00e0 part enti\u00e8re<\/h2>\n\n\n\n<p class=\"wp-block-paragraph\">Un produit co\u00fbteux n'\u00e9limine pas pour autant un risque m\u00e9canique.<\/p>\n\n\n\n<p class=\"wp-block-paragraph\">Le 20 juin 2024, la CPSC a annonc\u00e9 le rappel d'environ&nbsp;<strong>70 000 chaises longues \u00ab Frontgate Resort Collection Newport \u00bb en aluminium l\u00e9ger et bois de teck<\/strong>, y compris les r\u00e9f\u00e9rences&nbsp;<strong>67333<\/strong>&nbsp;et&nbsp;<strong>166218<\/strong>. Leurs dossiers flexibles peuvent s'abaisser de mani\u00e8re inattendue lors du r\u00e9glage en position assise ; les cas signal\u00e9s comprenaient deux amputations partielles de doigts et une blessure par \u00e9crasement n\u00e9cessitant une intervention chirurgicale. La notification pr\u00e9cisait des prix de vente compris entre&nbsp;<strong>$600 et $1 400<\/strong>.<\/p>\n\n\n\n<p class=\"wp-block-paragraph\">Ce que j'en retiens concerne les questions li\u00e9es aux t\u00e9moignages : il faut examiner le syst\u00e8me avec autant d'attention que le contenu.<\/p>\n\n\n\n<p class=\"wp-block-paragraph\">Pour le mobilier r\u00e9glable ou pliable, demandez les justificatifs de s\u00e9curit\u00e9 correspondants et v\u00e9rifiez la s\u00e9quence d'utilisation pr\u00e9vue. Pour les si\u00e8ges r\u00e9par\u00e9s, v\u00e9rifiez la s\u00e9curit\u00e9, l'acc\u00e8s et la sortie, le soutien des accoudoirs, ainsi que la fixation entre la chaise et la table.<\/p>\n\n\n\n<p class=\"wp-block-paragraph\">A&nbsp;<a href=\"https:\/\/ipocasfurniture.com\/fr\/tall-adirondack-armchair-with-footrest-for-bulk-sourcing\/\">fauteuil Adirondack haut \u00e0 accoudoirs avec repose-pieds<\/a>&nbsp;Cela soul\u00e8ve des questions importantes concernant l'ergonomie : o\u00f9 se place le repose-pieds, comment s'assoit-on sur le fauteuil, et quel espace de circulation reste-t-il lorsqu'il est occup\u00e9 ?<\/p>\n\n\n\n<p class=\"wp-block-paragraph\">De m\u00eame, un&nbsp;<a href=\"https:\/\/ipocasfurniture.com\/fr\/tall-patio-bistro-table-and-sling-chairs-for-trade-buyers\/\">table haute de bistrot d'ext\u00e9rieur et chaises \u00e0 dossier en toile<\/a>&nbsp;doivent \u00eatre \u00e9valu\u00e9es dans le cadre du plan d'am\u00e9nagement global des places assises. Je v\u00e9rifierais bien s\u00fbr les dimensions fonctionnelles et les d\u00e9gagements n\u00e9cessaires, puis je proposerais une combinaison adapt\u00e9e de solutions de si\u00e8ges et de restauration, en fonction des exigences d'accessibilit\u00e9 du projet.<\/p>\n\n\n\n<p class=\"wp-block-paragraph\">Proc\u00e9dure relative au mobilier occup\u00e9. Une strat\u00e9gie ax\u00e9e sur les espaces libres peut masquer une terrasse bond\u00e9e.<\/p>\n\n\n\n<h2 id=\"repairability-makes-sustainability-cases-better\" class=\"wp-block-heading\">La r\u00e9parabilit\u00e9 renforce les arguments en faveur du d\u00e9veloppement durable<\/h2>\n\n\n\n<p class=\"wp-block-paragraph\">J'accorde plus d'importance \u00e0 un engagement pr\u00e9cis concernant les pi\u00e8ces de rechange qu'\u00e0 un adjectif inhabituel en mati\u00e8re de d\u00e9veloppement durable.<\/p>\n\n\n\n<p class=\"wp-block-paragraph\">En mati\u00e8re de mobilier d'ext\u00e9rieur destin\u00e9 aux architectes, les questions pratiques sont sp\u00e9cifiques : la toile peut-elle \u00eatre remplac\u00e9e ? Les housses des coussins sont-elles amovibles ? Peut-on acheter s\u00e9par\u00e9ment un patin cass\u00e9 ? Le fournisseur identifie-t-il les pi\u00e8ces de rechange par r\u00e9f\u00e9rence ?<\/p>\n\n\n\n<p class=\"wp-block-paragraph\">Un argument \u00e9cologique doit \u00e9galement pr\u00e9ciser son champ d'application. Si un fournisseur met en avant une teneur en mat\u00e9riaux recycl\u00e9s, demandez si cette proportion s'applique \u00e0 la structure, \u00e0 un \u00e9l\u00e9ment sp\u00e9cifique ou \u00e0 l'ensemble du produit \u2013 et si elle est calcul\u00e9e en fonction de la masse.<\/p>\n\n\n\n<p class=\"wp-block-paragraph\">Les documents doivent permettre de mettre en \u00e9vidence les contrastes.<\/p>\n\n\n\n<p class=\"wp-block-paragraph\">Pour un&nbsp;<a href=\"https:\/\/ipocasfurniture.com\/fr\/patio-conversation-set-with-open-weave-for-trade-sourcing\/\">ensemble de salon de jardin \u00e0 mailles ajour\u00e9es<\/a>, je demanderais certainement comment sont r\u00e9par\u00e9es les parties tiss\u00e9es endommag\u00e9es, si des coussins de rechange sont toujours disponibles, et ce qui se passe lorsqu'un seul \u00e9l\u00e9ment doit \u00eatre remplac\u00e9.<\/p>\n\n\n\n<p class=\"wp-block-paragraph\">La r\u00e9ponse pourrait modifier la liste des candidats pr\u00e9s\u00e9lectionn\u00e9s.<\/p>\n\n\n\n<p class=\"wp-block-paragraph\">Une conception modulaire ne garantit pas la r\u00e9parabilit\u00e9. Avant d'\u00e9valuer le montant de l'indemnisation, je souhaiterais disposer d'un sch\u00e9ma de d\u00e9montage, d'une liste des composants, des prix et d'une attestation d'accessibilit\u00e9.<\/p>\n\n\n\n<figure class=\"wp-block-image size-full\"><img decoding=\"async\" width=\"960\" height=\"720\" src=\"https:\/\/ipocasfurniture.com\/wp-content\/uploads\/2026\/09\/Outdoor-Furniture-Specification-Trends-1.jpg\" alt=\"Tendances en mati\u00e8re de sp\u00e9cifications des meubles d&#039;ext\u00e9rieur\" class=\"wp-image-1106\" title=\"\" srcset=\"https:\/\/ipocasfurniture.com\/wp-content\/uploads\/2026\/09\/Outdoor-Furniture-Specification-Trends-1.jpg 960w, https:\/\/ipocasfurniture.com\/wp-content\/uploads\/2026\/09\/Outdoor-Furniture-Specification-Trends-1-300x225.jpg 300w, https:\/\/ipocasfurniture.com\/wp-content\/uploads\/2026\/09\/Outdoor-Furniture-Specification-Trends-1-768x576.jpg 768w, https:\/\/ipocasfurniture.com\/wp-content\/uploads\/2026\/09\/Outdoor-Furniture-Specification-Trends-1-16x12.jpg 16w, https:\/\/ipocasfurniture.com\/wp-content\/uploads\/2026\/09\/Outdoor-Furniture-Specification-Trends-1-600x450.jpg 600w\" sizes=\"(max-width: 960px) 100vw, 960px\" \/><\/figure>\n\n\n\n<h2 id=\"industrial-outdoor-patio-furnishings-needs-an-ownership-cost-estimation\" class=\"wp-block-heading\">Le mobilier d'ext\u00e9rieur industriel n\u00e9cessite une estimation des co\u00fbts de possession<\/h2>\n\n\n\n<p class=\"wp-block-paragraph\">Un prix d'acquisition r\u00e9duit est un chiffre indicatif. J'ai besoin de savoir sur quelles hypoth\u00e8ses il repose.<\/p>\n\n\n\n<p class=\"wp-block-paragraph\">R\u00e9fl\u00e9chissez-y&nbsp;<strong>Comparaison illustrative sur cinq ans<\/strong>, en se basant sur des co\u00fbts th\u00e9oriques et des hypoth\u00e8ses de substitution \u2013 et non sur des cotations du march\u00e9 :<\/p>\n\n\n\n<ul class=\"wp-block-list\">\n<li><strong>Option A :<\/strong>\u00a0100 chaises \u00e0 $240 chacune, dont le prix initial \u00e9tait de $24 000.<\/li>\n\n\n\n<li><strong>R\u00e9ponse B :<\/strong>\u00a0100 chaises \u00e0 $280 chacune repr\u00e9sentaient initialement une d\u00e9pense totale de $28 000.<\/li>\n\n\n\n<li>Si l'option A pr\u00e9voit 20 remplacements au tarif initial, le co\u00fbt global d'achat et de remplacement s'\u00e9l\u00e8ve alors \u00e0\u00a0<strong>$28,800<\/strong>.<\/li>\n\n\n\n<li>Si l'option B ne n\u00e9cessite aucun remplacement au cours de la m\u00eame p\u00e9riode, son montant total \u00e9quivalent reste inchang\u00e9\u00a0<strong>$28,000<\/strong>.<\/li>\n<\/ul>\n\n\n\n<p class=\"wp-block-paragraph\">La r\u00e9ponse B commence par un&nbsp;<strong>16,71 Co\u00fbts li\u00e9s au taux TP3T<\/strong>&nbsp;ce qui donne toutefois un r\u00e9sultat de $800, calcul\u00e9 selon ces hypoth\u00e8ses.<\/p>\n\n\n\n<p class=\"wp-block-paragraph\">Modifiez les hypoth\u00e8ses de remplacement et les ajustements des r\u00e9sultats. C'est l\u00e0 tout l'int\u00e9r\u00eat de l'exercice.<\/p>\n\n\n\n<p class=\"wp-block-paragraph\">Le devis doit \u00e9galement inclure les produits, le montage, les frais de main-d'\u0153uvre pour le nettoyage, le stockage, les frais de main-d'\u0153uvre li\u00e9s aux r\u00e9parations, l'\u00e9limination des d\u00e9chets, ainsi que tout type de remise accord\u00e9e au client. La couverture de la garantie de service est importante, car m\u00eame en cas de remplacement d'une pi\u00e8ce, le conducteur peut se retrouver \u00e0 devoir payer les frais de livraison et d'installation.<\/p>\n\n\n\n<p class=\"wp-block-paragraph\">Ce qui me pose le plus de probl\u00e8mes en mati\u00e8re d'achats, c'est de comparer des devis qui promettent des choses tr\u00e8s diff\u00e9rentes. Il faut clarifier le p\u00e9rim\u00e8tre du projet avant d'\u00e9valuer les co\u00fbts.<\/p>\n\n\n\n<h2 id=\"a-practical-outdoor-furniture-spec-comparison\" class=\"wp-block-heading\">Comparaison pratique des caract\u00e9ristiques techniques du mobilier d'ext\u00e9rieur<\/h2>\n\n\n\n<p class=\"wp-block-paragraph\">J'utiliserais sans aucun doute cette matrice pour structurer les questions relatives aux fournisseurs et les exemples d'\u00e9valuations. Il s'agit de questions d'\u00e9valuation, et non d'affirmations concernant les performances d'un produit quelconque.<\/p>\n\n\n\n<figure class=\"wp-block-table\"><table class=\"has-fixed-layout\"><thead><tr><th>Construction ou fonction<\/th><th>Pi\u00e8ces \u00e0 demander<\/th><th>Probl\u00e8me li\u00e9 \u00e0 l'examen des \u00e9chantillons<\/th><th>Question relative aux march\u00e9s publics<\/th><\/tr><\/thead><tbody><tr><td>Structure en aluminium l\u00e9ger avec rev\u00eatement par poudrage<\/td><td>Alliage, pr\u00e9paration de la couche, sp\u00e9cifications de finition, r\u00e9sultats pertinents en mati\u00e8re de corrosion<\/td><td>Soudures, c\u00f4t\u00e9s, pieds et maillons<\/td><td>Quelles sont les proc\u00e9dures de r\u00e9paration et les exclusions de garantie applicables ?<\/td><\/tr><tr><td>Charpente m\u00e9tallique couverte<\/td><td>Traitement du support, syst\u00e8me de finition, essais d'exposition appropri\u00e9s<\/td><td>Protection au niveau des joints et des zones cach\u00e9es<\/td><td>Comment faut-il comptabiliser les dommages-int\u00e9r\u00eats pour d\u00e9faillance ?<\/td><\/tr><tr><td>Bois de teck ou divers autres bois d'\u0153uvre<\/td><td>Vari\u00e9t\u00e9, documents relatifs \u00e0 l'approvisionnement, informations sur le b\u00e2timent et la construction, calendrier des traitements<\/td><td>Raccords, finitions et pi\u00e8ces de rechange<\/td><td>Quels changements d'apparence sont attendus et accept\u00e9s ?<\/td><\/tr><tr><td>Tissu ou corde synth\u00e9tique<\/td><td>Reconnaissance des polym\u00e8res, d\u00e9tails relatifs \u00e0 la fixation, r\u00e9sistance aux intemp\u00e9ries pertinente<\/td><td>Contraintes, points de rupture et acc\u00e8s aux services de r\u00e9paration<\/td><td>Est-il possible de remplacer une partie endommag\u00e9e ?<\/td><\/tr><tr><td>Si\u00e8ges \u00e0 harnais<\/td><td>Exigences relatives aux textiles, m\u00e9thode de fixation, r\u00e9sistance appropri\u00e9e et r\u00e9sistance aux intemp\u00e9ries<\/td><td>Raccordements lat\u00e9raux, confort et acc\u00e8s pour le remplacement<\/td><td>Les sangles de rechange sont-elles vendues s\u00e9par\u00e9ment ?<\/td><\/tr><tr><td>Si\u00e8ges pris en charge<\/td><td>Exigences en mati\u00e8re de couverture et de remplissage, consignes de traitement, solutions de remplacement<\/td><td>Plans de retrait des rev\u00eatements et de drainage<\/td><td>Qui s'occupe du s\u00e9chage, du nettoyage et de l'espace de stockage saisonnier ?<\/td><\/tr><tr><td>M\u00e9canismes de pliage ou de couches<\/td><td>Donn\u00e9es pertinentes en mati\u00e8re de s\u00e9curit\u00e9 et directives d'exploitation<\/td><td>S\u00e9rie d'ajustements pr\u00e9vus et accessibilit\u00e9 du m\u00e9canisme<\/td><td>Quelles sont les op\u00e9rations d'inspection et d'entretien r\u00e9guli\u00e8res \u00e0 effectuer ?<\/td><\/tr><\/tbody><\/table><\/figure>\n\n\n\n<p class=\"wp-block-paragraph\">La meilleure proposition permet de faire en sorte que chaque r\u00e9ponse puisse \u00eatre d\u00e9duite du mod\u00e8le propos\u00e9. Si un fournisseur modifie un \u00e9l\u00e9ment apr\u00e8s avoir obtenu l'autorisation, j'exigerais un compte rendu \u00e9crit de cette modification.<\/p>\n\n\n\n<figure class=\"wp-block-image size-full\"><img decoding=\"async\" width=\"960\" height=\"720\" src=\"https:\/\/ipocasfurniture.com\/wp-content\/uploads\/2026\/09\/Outdoor-Furniture-Specification-Trends-2.jpg\" alt=\"Tendances en mati\u00e8re de sp\u00e9cifications des meubles d&#039;ext\u00e9rieur\" class=\"wp-image-1107\" title=\"\" srcset=\"https:\/\/ipocasfurniture.com\/wp-content\/uploads\/2026\/09\/Outdoor-Furniture-Specification-Trends-2.jpg 960w, https:\/\/ipocasfurniture.com\/wp-content\/uploads\/2026\/09\/Outdoor-Furniture-Specification-Trends-2-300x225.jpg 300w, https:\/\/ipocasfurniture.com\/wp-content\/uploads\/2026\/09\/Outdoor-Furniture-Specification-Trends-2-768x576.jpg 768w, https:\/\/ipocasfurniture.com\/wp-content\/uploads\/2026\/09\/Outdoor-Furniture-Specification-Trends-2-16x12.jpg 16w, https:\/\/ipocasfurniture.com\/wp-content\/uploads\/2026\/09\/Outdoor-Furniture-Specification-Trends-2-600x450.jpg 600w\" sizes=\"(max-width: 960px) 100vw, 960px\" \/><\/figure>\n\n\n\n<h2 id=\"often-asked-concerns\" class=\"wp-block-heading\">Questions fr\u00e9quemment pos\u00e9es<\/h2>\n\n\n\n<h3 id=\"what-are-exterior-furnishings-specs\" class=\"wp-block-heading\">Qu'entend-on par \u00ab caract\u00e9ristiques techniques du mobilier d'ext\u00e9rieur \u00bb ?<\/h3>\n\n\n\n<p class=\"wp-block-paragraph\">Les sp\u00e9cifications relatives au mobilier d'ext\u00e9rieur sont les exigences consign\u00e9es par \u00e9crit qui pr\u00e9cisent les caract\u00e9ristiques techniques d'un article, ses dimensions, ses performances structurelles, ses rev\u00eatements, son agencement, ses exigences d'entretien, les conditions de garantie et les pi\u00e8ces de rechange, ainsi que les \u00e9l\u00e9ments justificatifs qu'un architecte ou un acheteur exige pour d\u00e9terminer si ce mod\u00e8le sp\u00e9cifique est adapt\u00e9 au site pr\u00e9vu et au mode d'utilisation envisag\u00e9.<\/p>\n\n\n\n<p class=\"wp-block-paragraph\">J'inclurais certainement aussi des exemples d'autorisation et une proc\u00e9dure d'examen des alternatives.<\/p>\n\n\n\n<h3 id=\"what-do-engineers-examine-when-picking-exterior-furniture\" class=\"wp-block-heading\">Quels sont les crit\u00e8res pris en compte par les ing\u00e9nieurs lorsqu'ils choisissent du mobilier d'ext\u00e9rieur ?<\/h3>\n\n\n\n<p class=\"wp-block-paragraph\">Les concepteurs \u00e9valuent l'ad\u00e9quation du mobilier d'ext\u00e9rieur au site et \u00e0 la client\u00e8le vis\u00e9e, en tenant compte notamment de la s\u00e9curit\u00e9 architecturale, de la stabilit\u00e9, de l'efficacit\u00e9 des mat\u00e9riaux, du confort, de la facilit\u00e9 d'acc\u00e8s, de l'entretien, de la r\u00e9parabilit\u00e9, de l'esth\u00e9tique et du co\u00fbt de possession, tout en v\u00e9rifiant si la documentation technique et la garantie fournies par le fournisseur correspondent bien au mod\u00e8le, \u00e0 la finition, \u00e0 la configuration et \u00e0 l'utilisation professionnelle pr\u00e9vue.<\/p>\n\n\n\n<p class=\"wp-block-paragraph\">La r\u00e9partition des priorit\u00e9s doit s'adapter rapidement au projet. Une terrasse de piscine \u00e0 ciel ouvert et une cour de restaurant abrit\u00e9e n\u00e9cessitent des priorit\u00e9s diff\u00e9rentes.<\/p>\n\n\n\n<h3 id=\"what-is-contract-outside-furnishings\" class=\"wp-block-heading\">Qu'est-ce que le mobilier d'ext\u00e9rieur professionnel ?<\/h3>\n\n\n\n<p class=\"wp-block-paragraph\">Le mobilier d'ext\u00e9rieur \u00ab Agreement \u00bb est un mobilier destin\u00e9 \u00e0 un usage professionnel ou institutionnel, pour lequel la rotation fr\u00e9quente des locataires, le nettoyage, les d\u00e9placements et l'entretien d\u00e9terminent les sp\u00e9cifications techniques, et dont la viabilit\u00e9 doit \u00eatre d\u00e9montr\u00e9e par la documentation relative au mod\u00e8le propos\u00e9, des essais appropri\u00e9s et des conditions de garantie couvrant express\u00e9ment les conditions d'installation et d'utilisation.<\/p>\n\n\n\n<p class=\"wp-block-paragraph\">Je consid\u00e8re le terme \u201c contrat \u201d comme un \u00e9l\u00e9ment \u00e0 examiner. Demandez au fournisseur d'expliquer la responsabilit\u00e9 pr\u00e9vue et de fournir des preuves \u00e0 l'appui.<\/p>\n\n\n\n<h3 id=\"just-how-do-you-specify-outside-furnishings-for-an-industrial-task\" class=\"wp-block-heading\">Comment choisir le mobilier d'ext\u00e9rieur pour un projet industriel ?<\/h3>\n\n\n\n<p class=\"wp-block-paragraph\">La sp\u00e9cification du mobilier d'ext\u00e9rieur consiste \u00e0 traduire l'exposition directe d'un projet, les exigences sp\u00e9cifiques, les modes de fonctionnement et les besoins en mati\u00e8re d'am\u00e9nagement en crit\u00e8res produit quantifiables, puis \u00e0 v\u00e9rifier les documents des fournisseurs, \u00e0 \u00e9valuer des \u00e9chantillons repr\u00e9sentatifs, \u00e0 comparer les co\u00fbts de possession et \u00e0 consigner les mod\u00e8les approuv\u00e9s, les finitions, les obligations d'entretien, les clauses de remplacement et les exigences de livraison.<\/p>\n\n\n\n<p class=\"wp-block-paragraph\">Impliquez directement le gestionnaire des installations ou de l\u2019h\u00f4tellerie dans l\u2019\u00e9valuation avant de conclure l\u2019achat. Ses proc\u00e9dures de nettoyage et d\u2019am\u00e9nagement des espaces de stockage doivent figurer dans le cahier des charges.<\/p>\n\n\n\n<h2 id=\"ask-for-the-evidence-before-approving-the-order\" class=\"wp-block-heading\">Demandez les pi\u00e8ces justificatives avant d'approuver la commande<\/h2>\n\n\n\n<p class=\"wp-block-paragraph\">Communiquez \u00e0 votre fournisseur les probl\u00e8mes li\u00e9s au site, la disposition des si\u00e8ges, les quantit\u00e9s, l'utilisation pr\u00e9vue et le calendrier de livraison. Demandez-lui de vous fournir un dossier complet comprenant des illustrations, les caract\u00e9ristiques des produits, les rapports d'essais pertinents, des exemples, les conditions de la garantie commerciale et les tarifs des pi\u00e8ces de rechange.<\/p>\n\n\n\n<p class=\"wp-block-paragraph\">Ensuite, posez une derni\u00e8re question :&nbsp;<strong>Quels sont les points qui restent \u00e0 \u00e9claircir concernant le mobilier que nous sommes sur le point d'approuver ?<\/strong><\/p>\n\n\n\n<p class=\"wp-block-paragraph\">Je pr\u00e9f\u00e8re r\u00e9gler ce probl\u00e8me pendant la phase de sp\u00e9cification plut\u00f4t que de le d\u00e9couvrir apr\u00e8s l'installation.<\/p>\n\n\n\n<p class=\"wp-block-paragraph\"><\/p>","protected":false},"excerpt":{"rendered":"<p>Les caract\u00e9ristiques techniques du mobilier d'ext\u00e9rieur m\u00e9ritent d'\u00eatre examin\u00e9es plus en d\u00e9tail qu'un simple \u00e9chantillon de finition et une capacit\u00e9 de charge. Nous analysons les \u00e9l\u00e9ments \u00e0 prendre en compte, les compromis li\u00e9s aux mat\u00e9riaux et les co\u00fbts d'exploitation qui devraient orienter la s\u00e9lection finale d'un architecte.<\/p>","protected":false},"author":1,"featured_media":1104,"comment_status":"open","ping_status":"open","sticky":false,"template":"","format":"standard","meta":{"_gspb_post_css":"","footnotes":""},"categories":[1],"tags":[259,222,257,220,258,260],"class_list":["post-1103","post","type-post","status-publish","format-standard","has-post-thumbnail","hentry","category-outdoor-furniture-trends","tag-architectural-procurement","tag-commercial-patio-furniture","tag-contract-outdoor-furniture","tag-furniture-lifecycle-costs","tag-outdoor-furniture-specifications","tag-outdoor-material-performance"],"blocksy_meta":{"styles_descriptor":{"styles":{"desktop":"","tablet":"","mobile":""},"google_fonts":[],"version":8}},"_links":{"self":[{"href":"https:\/\/ipocasfurniture.com\/fr\/wp-json\/wp\/v2\/posts\/1103","targetHints":{"allow":["GET"]}}],"collection":[{"href":"https:\/\/ipocasfurniture.com\/fr\/wp-json\/wp\/v2\/posts"}],"about":[{"href":"https:\/\/ipocasfurniture.com\/fr\/wp-json\/wp\/v2\/types\/post"}],"author":[{"embeddable":true,"href":"https:\/\/ipocasfurniture.com\/fr\/wp-json\/wp\/v2\/users\/1"}],"replies":[{"embeddable":true,"href":"https:\/\/ipocasfurniture.com\/fr\/wp-json\/wp\/v2\/comments?post=1103"}],"version-history":[{"count":1,"href":"https:\/\/ipocasfurniture.com\/fr\/wp-json\/wp\/v2\/posts\/1103\/revisions"}],"predecessor-version":[{"id":1109,"href":"https:\/\/ipocasfurniture.com\/fr\/wp-json\/wp\/v2\/posts\/1103\/revisions\/1109"}],"wp:featuredmedia":[{"embeddable":true,"href":"https:\/\/ipocasfurniture.com\/fr\/wp-json\/wp\/v2\/media\/1104"}],"wp:attachment":[{"href":"https:\/\/ipocasfurniture.com\/fr\/wp-json\/wp\/v2\/media?parent=1103"}],"wp:term":[{"taxonomy":"category","embeddable":true,"href":"https:\/\/ipocasfurniture.com\/fr\/wp-json\/wp\/v2\/categories?post=1103"},{"taxonomy":"post_tag","embeddable":true,"href":"https:\/\/ipocasfurniture.com\/fr\/wp-json\/wp\/v2\/tags?post=1103"}],"curies":[{"name":"wp","href":"https:\/\/api.w.org\/{rel}","templated":true}]}}