{"id":1085,"date":"2026-09-03T06:15:26","date_gmt":"2026-09-03T06:15:26","guid":{"rendered":"https:\/\/ipocasfurniture.com\/?p=1085"},"modified":"2026-09-03T06:15:26","modified_gmt":"2026-09-03T06:15:26","slug":"circular-outdoor-furniture-programs-refurbishment-and-take-back","status":"publish","type":"post","link":"https:\/\/ipocasfurniture.com\/pt\/circular-outdoor-furniture-programs-refurbishment-and-take-back\/","title":{"rendered":"Programas de mobili\u00e1rio de exterior circular: renova\u00e7\u00e3o e recolha"},"content":{"rendered":"<p class=\"wp-block-paragraph\">Quando uma equipa de compras adquire mobili\u00e1rio de exterior sustent\u00e1vel sem definir quem ir\u00e1 substituir os componentes gastos, recolher o stock danificado e registar o seu destino final, a promessa de economia circular depende de decis\u00f5es cujos custos ningu\u00e9m calculou nem atribuiu a ningu\u00e9m.<\/p>\n\n\n\n<p class=\"wp-block-paragraph\">At\u00e9 que ponto \u00e9 \u00abcircular\u00bb uma cadeira que ningu\u00e9m est\u00e1 contratado para reparar?<\/p>\n\n\n\n<p class=\"wp-block-paragraph\">Avalio estes programas com base no que acontece ap\u00f3s a primeira almofada danificada, a primeira junta avariada ou o primeiro pedido de recolha recusado. O conte\u00fado reciclado merece aten\u00e7\u00e3o. O mesmo se aplica \u00e0 qualidade da constru\u00e7\u00e3o e \u00e0 manuten\u00e7\u00e3o. Mas uma estrat\u00e9gia de aquisi\u00e7\u00e3o circular precisa de algo menos apelativo: um percurso financiada e operacional para um novo per\u00edodo de utiliza\u00e7\u00e3o.<\/p>\n\n\n\n<p class=\"wp-block-paragraph\">No caso de hot\u00e9is, restaurantes, distribuidores e gestores imobili\u00e1rios, essa modalidade deve ser negociada antes da emiss\u00e3o da ordem de compra.<\/p>\n\n\n\n<figure class=\"wp-block-image size-full\"><img decoding=\"async\" width=\"960\" height=\"720\" src=\"https:\/\/ipocasfurniture.com\/wp-content\/uploads\/2026\/09\/Circular-Outdoor-Furniture-2.jpg\" alt=\"Mobili\u00e1rio de exterior circular\" class=\"wp-image-1090\" title=\"\" srcset=\"https:\/\/ipocasfurniture.com\/wp-content\/uploads\/2026\/09\/Circular-Outdoor-Furniture-2.jpg 960w, https:\/\/ipocasfurniture.com\/wp-content\/uploads\/2026\/09\/Circular-Outdoor-Furniture-2-300x225.jpg 300w, https:\/\/ipocasfurniture.com\/wp-content\/uploads\/2026\/09\/Circular-Outdoor-Furniture-2-768x576.jpg 768w, https:\/\/ipocasfurniture.com\/wp-content\/uploads\/2026\/09\/Circular-Outdoor-Furniture-2-16x12.jpg 16w, https:\/\/ipocasfurniture.com\/wp-content\/uploads\/2026\/09\/Circular-Outdoor-Furniture-2-600x450.jpg 600w\" sizes=\"(max-width: 960px) 100vw, 960px\" \/><\/figure>\n\n\n\n<h2 id=\"sustainable-outdoor-furniture-needs-a-second-life-plan\" class=\"wp-block-heading\">O mobili\u00e1rio de exterior sustent\u00e1vel precisa de um plano de reutiliza\u00e7\u00e3o<\/h2>\n\n\n\n<p class=\"wp-block-paragraph\">Um programa circular de mobili\u00e1rio de exterior coordena a manuten\u00e7\u00e3o, a renova\u00e7\u00e3o, a recolha e a reutiliza\u00e7\u00e3o subsequente. A reciclagem trata dos materiais adequados quando a sua utiliza\u00e7\u00e3o continuada j\u00e1 n\u00e3o \u00e9 vi\u00e1vel.<\/p>\n\n\n\n<p class=\"wp-block-paragraph\">Essas atividades produzem resultados diferentes. Substituir um painel de um assento preserva um produto montado. Remodelar uma estrutura preserva mais do seu valor de fabrico do que transform\u00e1-la em sucata. Recolher um sof\u00e1 estabelece a posse; n\u00e3o determina o que aconteceu posteriormente.<\/p>\n\n\n\n<p class=\"wp-block-paragraph\">O meu teste de compra \u00e9 simples:&nbsp;<strong>O fornecedor pode explicar qual ser\u00e1 a pr\u00f3xima interven\u00e7\u00e3o, o seu custo prov\u00e1vel e quem \u00e9 o respons\u00e1vel?<\/strong><\/p>\n\n\n\n<p class=\"wp-block-paragraph\">Para um&nbsp;<a href=\"https:\/\/ipocasfurniture.com\/pt\/patio-sofa-set-with-ottomans-for-wholesale-project-sourcing\/\">conjunto de sof\u00e1s de exterior com pufes para projetos de venda por grosso<\/a>, gostaria de solicitar pre\u00e7os de substitui\u00e7\u00e3o separados para almofadas, capas, p\u00e9s e quaisquer componentes remov\u00edveis dos assentos. Gostaria tamb\u00e9m de saber se essas pe\u00e7as continuam dispon\u00edveis quando o tecido ou modelo original for descontinuado.<\/p>\n\n\n\n<p class=\"wp-block-paragraph\">Uma garantia de longa dura\u00e7\u00e3o para o quadro n\u00e3o consegue responder a essas perguntas.<\/p>\n\n\n\n<p class=\"wp-block-paragraph\">E \u201crepar\u00e1vel\u201d \u00e9 uma especifica\u00e7\u00e3o incompleta. Um componente pode ser remov\u00edvel, em teoria, mas a sua substitui\u00e7\u00e3o pode custar mais do que o comprador est\u00e1 disposto a gastar.<\/p>\n\n\n\n<h2 id=\"how-outdoor-furniture-take-back-programs-work-and-where-they-break\" class=\"wp-block-heading\">Como funcionam os programas de recolha de mobili\u00e1rio de exterior \u2014 e onde falham<\/h2>\n\n\n\n<p class=\"wp-block-paragraph\">Os programas de recolha de mobili\u00e1rio de exterior come\u00e7am normalmente com uma verifica\u00e7\u00e3o de elegibilidade, seguida da recolha ou entrega, da inspe\u00e7\u00e3o e da decis\u00e3o sobre o destino do artigo devolvido. Os detalhes comerciais determinam se um comprador pode efetivamente utilizar o servi\u00e7o.<\/p>\n\n\n\n<p class=\"wp-block-paragraph\">Consideremos um exemplo concreto do setor do mobili\u00e1rio. A IKEA refere que o Grupo Ingka processou&nbsp;<strong>495 000 produtos IKEA usados atrav\u00e9s do programa \u00abBuy Back\u00bb no exerc\u00edcio de 2024<\/strong>. Isso demonstra uma atividade de recolha substancial; o n\u00famero, por si s\u00f3, n\u00e3o indica os volumes de mobili\u00e1rio de exterior, a taxa de sucesso da renova\u00e7\u00e3o nem as emiss\u00f5es evitadas.<\/p>\n\n\n\n<p class=\"wp-block-paragraph\">Essa distin\u00e7\u00e3o \u00e9 importante. Um comprador n\u00e3o pode aplicar o n\u00famero de devolu\u00e7\u00f5es a n\u00edvel da empresa a uma cole\u00e7\u00e3o espec\u00edfica de terra\u00e7os.<\/p>\n\n\n\n<p class=\"wp-block-paragraph\">Antes de adjudicar um contrato, exigiria respostas por escrito que abrangessem:<\/p>\n\n\n\n<ul class=\"wp-block-list\">\n<li><strong>Condi\u00e7\u00f5es de elegibilidade:<\/strong>\u00a0Modelos exatos, datas de compra, condi\u00e7\u00f5es de elegibilidade e se a utiliza\u00e7\u00e3o comercial \u00e9 eleg\u00edvel.<\/li>\n\n\n\n<li><strong>Cole\u00e7\u00e3o:<\/strong>\u00a0\u00c1rea de cobertura, quantidades m\u00ednimas, requisitos de acesso, embalagem e custos de transporte.<\/li>\n\n\n\n<li><strong>Valor:<\/strong>\u00a0Pagamento em dinheiro, cr\u00e9dito na loja, servi\u00e7o apenas para levantamento ou uma taxa de processamento.<\/li>\n\n\n\n<li><strong>Propriedade:<\/strong>\u00a0Quando ocorre a transfer\u00eancia de propriedade e quem \u00e9 respons\u00e1vel pelos danos causados durante o transporte.<\/li>\n\n\n\n<li><strong>Rejei\u00e7\u00f5es:<\/strong>\u00a0Quem paga quando a inspe\u00e7\u00e3o constata que um artigo n\u00e3o est\u00e1 em conformidade?.<\/li>\n\n\n\n<li><strong>Destinos:<\/strong>\u00a0Como \u00e9 que a reutiliza\u00e7\u00e3o, a renova\u00e7\u00e3o, a reciclagem e a elimina\u00e7\u00e3o s\u00e3o documentadas.<\/li>\n<\/ul>\n\n\n\n<p class=\"wp-block-paragraph\">Para&nbsp;<a href=\"https:\/\/ipocasfurniture.com\/pt\/high-woven-patio-bistro-table-and-chairs-for-trade-sourcing\/\">mesas e cadeiras de bistr\u00f4 para esplanada, em tecido tran\u00e7ado, adquiridas para projetos comerciais<\/a>, gostaria tamb\u00e9m de solicitar as dimens\u00f5es da embalagem de devolu\u00e7\u00e3o e um or\u00e7amento de recolha para um lote realista.<\/p>\n\n\n\n<p class=\"wp-block-paragraph\">Um servi\u00e7o anunciado como \u201cdispon\u00edvel em todo o pa\u00eds\u201d ainda precisa de um pre\u00e7o espec\u00edfico para o seu c\u00f3digo postal, as suas quantidades e as suas condi\u00e7\u00f5es de carregamento.<\/p>\n\n\n\n<figure class=\"wp-block-image size-full\"><img decoding=\"async\" width=\"960\" height=\"720\" src=\"https:\/\/ipocasfurniture.com\/wp-content\/uploads\/2026\/09\/Circular-Outdoor-Furniture-1.jpg\" alt=\"Mobili\u00e1rio de exterior circular\" class=\"wp-image-1089\" title=\"\" srcset=\"https:\/\/ipocasfurniture.com\/wp-content\/uploads\/2026\/09\/Circular-Outdoor-Furniture-1.jpg 960w, https:\/\/ipocasfurniture.com\/wp-content\/uploads\/2026\/09\/Circular-Outdoor-Furniture-1-300x225.jpg 300w, https:\/\/ipocasfurniture.com\/wp-content\/uploads\/2026\/09\/Circular-Outdoor-Furniture-1-768x576.jpg 768w, https:\/\/ipocasfurniture.com\/wp-content\/uploads\/2026\/09\/Circular-Outdoor-Furniture-1-16x12.jpg 16w, https:\/\/ipocasfurniture.com\/wp-content\/uploads\/2026\/09\/Circular-Outdoor-Furniture-1-600x450.jpg 600w\" sizes=\"(max-width: 960px) 100vw, 960px\" \/><\/figure>\n\n\n\n<h2 id=\"outdoor-furniture-refurbishment-starts-before-anything-breaks\" class=\"wp-block-heading\">A renova\u00e7\u00e3o do mobili\u00e1rio de exterior come\u00e7a antes de algo se partir<\/h2>\n\n\n\n<p class=\"wp-block-paragraph\">Eu especificaria o acesso para remodela\u00e7\u00e3o durante a fase de aquisi\u00e7\u00e3o. Esperar at\u00e9 que o mobili\u00e1rio se estrague obriga o comprador a negociar em fun\u00e7\u00e3o das op\u00e7\u00f5es de constru\u00e7\u00e3o que j\u00e1 foram tomadas.<\/p>\n\n\n\n<p class=\"wp-block-paragraph\">Comece pela lista de materiais. Pergunte se o tecido sint\u00e9tico \u00e9 de polietileno de alta densidade (HDPE), polipropileno (PP) ou cloreto de polivinilo (PVC). Solicite o material da estrutura, o sistema de revestimento, as especifica\u00e7\u00f5es dos elementos de fixa\u00e7\u00e3o e os desenhos dos componentes. A express\u00e3o \u201cmateriais resistentes \u00e0s intemp\u00e9ries\u201d \u00e9 demasiado vaga para servir de base a um or\u00e7amento de repara\u00e7\u00e3o.<\/p>\n\n\n\n<p class=\"wp-block-paragraph\">Para um&nbsp;<a href=\"https:\/\/ipocasfurniture.com\/pt\/freestanding-woven-egg-chair-for-wholesale-lounge-sourcing\/\">cadeira tipo \u00abovo\u00bb em tecido, de p\u00e9, para aquisi\u00e7\u00e3o por grosso para salas de estar<\/a>, as quest\u00f5es tornam-se pr\u00e1ticas: ser\u00e1 que as sec\u00e7\u00f5es tecidas danificadas podem ser substitu\u00eddas, ser\u00e1 que a almofada pode ser encomendada separadamente e ser\u00e1 que a base pode ser inspecionada e reparada sem danificar a estrutura circundante?<\/p>\n\n\n\n<p class=\"wp-block-paragraph\">Eis como eu organizaria a restaura\u00e7\u00e3o de mobili\u00e1rio de jardim:<\/p>\n\n\n\n<ol class=\"wp-block-list\">\n<li><strong>Identifique o artigo.<\/strong>\u00a0Registe o modelo, a idade, a localiza\u00e7\u00e3o, o hist\u00f3rico de manuten\u00e7\u00e3o e os danos vis\u00edveis.<\/li>\n\n\n\n<li><strong>Avaliar o estado estrutural.<\/strong>\u00a0Distinguir a deteriora\u00e7\u00e3o est\u00e9tica das juntas danificadas, bases inst\u00e1veis e componentes de suporte de carga comprometidos.<\/li>\n\n\n\n<li><strong>Aprovar o \u00e2mbito da repara\u00e7\u00e3o.<\/strong>\u00a0Pre\u00e7o das pe\u00e7as de substitui\u00e7\u00e3o, m\u00e3o-de-obra, transporte e a vida \u00fatil adicional prevista.<\/li>\n\n\n\n<li><strong>Realizar trabalhos adequados ao material.<\/strong>\u00a0Limpar, substituir, reparar e renovar de acordo com os requisitos de constru\u00e7\u00e3o identificados e as especifica\u00e7\u00f5es do fabricante.<\/li>\n\n\n\n<li><strong>Verifique antes da publica\u00e7\u00e3o.<\/strong>\u00a0Documentar o trabalho e realizar as inspe\u00e7\u00f5es ou ensaios adequados ao uso pretendido.<\/li>\n<\/ol>\n\n\n\n<p class=\"wp-block-paragraph\">Um acabamento recente n\u00e3o constitui prova de integridade estrutural.<\/p>\n\n\n\n<p class=\"wp-block-paragraph\">No que diz respeito ao mobili\u00e1rio comercial, exigiria que a empresa de reabilita\u00e7\u00e3o explicasse os crit\u00e9rios de liberta\u00e7\u00e3o, a cobertura da garantia e o procedimento a seguir no caso de artigos que n\u00e3o passem na inspe\u00e7\u00e3o. A express\u00e3o \u201cparece quase novo\u201d deve figurar numa descri\u00e7\u00e3o de venda; n\u00e3o pode substituir um padr\u00e3o de aceita\u00e7\u00e3o.<\/p>\n\n\n\n<h2 id=\"what-two-eu-measures-from-2024-mean-for-circular-claims\" class=\"wp-block-heading\">O que significam duas medidas da UE a partir de 2024 para as alega\u00e7\u00f5es de economia circular<\/h2>\n\n\n\n<p class=\"wp-block-paragraph\">Os dados regulamentares apoiam uma abordagem mais exigente em mat\u00e9ria de contratos p\u00fablicos, embora seja necess\u00e1rio analisar cuidadosamente o \u00e2mbito de aplica\u00e7\u00e3o e as datas de implementa\u00e7\u00e3o.<\/p>\n\n\n\n<p class=\"wp-block-paragraph\">O&nbsp;<strong>Regulamento relativo \u00e0 conce\u00e7\u00e3o ecol\u00f3gica de produtos sustent\u00e1veis, Regulamento (UE) n.\u00ba 2024\/1781<\/strong>, entrou em vigor em&nbsp;<strong>18 de julho de 2024<\/strong>. Estabelece um quadro de refer\u00eancia para os requisitos dos produtos no que diz respeito \u00e0 durabilidade, reparabilidade, reabilita\u00e7\u00e3o e outras caracter\u00edsticas ambientais, a par dos Passaportes Digitais dos Produtos. As obriga\u00e7\u00f5es espec\u00edficas s\u00e3o definidas atrav\u00e9s de regulamentos subsequentes; a sua ado\u00e7\u00e3o n\u00e3o imp\u00f4s, de imediato, um requisito id\u00eantico de passaporte a todas as cadeiras de jardim.<\/p>\n\n\n\n<p class=\"wp-block-paragraph\">A minha recomenda\u00e7\u00e3o pr\u00e1tica \u00e9 solicitar, desde j\u00e1, registos \u00fateis sobre o produto: identifica\u00e7\u00e3o do modelo, materiais, pe\u00e7as de substitui\u00e7\u00e3o e hist\u00f3rico de repara\u00e7\u00f5es. Um c\u00f3digo QR tem um valor limitado se, ao ser lido, abrir uma p\u00e1gina promocional em vez de informa\u00e7\u00f5es que um t\u00e9cnico possa utilizar.<\/p>\n\n\n\n<p class=\"wp-block-paragraph\">Uma medida distinta,&nbsp;<strong>Diretiva (UE) 2024\/825<\/strong>, entrou em vigor em&nbsp;<strong>27 de mar\u00e7o de 2024<\/strong>, cuja transposi\u00e7\u00e3o para a legisla\u00e7\u00e3o nacional \u00e9 exigida por&nbsp;<strong>27 de mar\u00e7o de 2026<\/strong>&nbsp;e candidatura a partir de&nbsp;<strong>27 de setembro de 2026<\/strong>. A Comiss\u00e3o Europeia refere restri\u00e7\u00f5es \u00e0s alega\u00e7\u00f5es ambientais vagas e sem fundamento e aos r\u00f3tulos de sustentabilidade pouco fi\u00e1veis, a par de uma melhor informa\u00e7\u00e3o ao consumidor sobre a durabilidade e a reparabilidade.<\/p>\n\n\n\n<p class=\"wp-block-paragraph\">Trata-se de regras do mercado de consumo da UE, n\u00e3o de uma garantia universal para todas as transa\u00e7\u00f5es grossistas. Ainda assim, aplicaria a mesma rigor na avalia\u00e7\u00e3o das alega\u00e7\u00f5es dos fornecedores.<\/p>\n\n\n\n<p class=\"wp-block-paragraph\">\u201cA express\u00e3o \u201dmobili\u00e1rio da economia circular\u00bb deve dar origem a um pedido de registos operacionais. Que produtos foram devolvidos? Quais foram reutilizados? O que foi rejeitado? O que aconteceu ao restante?<\/p>\n\n\n\n<figure class=\"wp-block-image size-full\"><img decoding=\"async\" width=\"960\" height=\"720\" src=\"https:\/\/ipocasfurniture.com\/wp-content\/uploads\/2026\/09\/Circular-Outdoor-Furniture-4.jpg\" alt=\"Mobili\u00e1rio de exterior circular\" class=\"wp-image-1088\" title=\"\" srcset=\"https:\/\/ipocasfurniture.com\/wp-content\/uploads\/2026\/09\/Circular-Outdoor-Furniture-4.jpg 960w, https:\/\/ipocasfurniture.com\/wp-content\/uploads\/2026\/09\/Circular-Outdoor-Furniture-4-300x225.jpg 300w, https:\/\/ipocasfurniture.com\/wp-content\/uploads\/2026\/09\/Circular-Outdoor-Furniture-4-768x576.jpg 768w, https:\/\/ipocasfurniture.com\/wp-content\/uploads\/2026\/09\/Circular-Outdoor-Furniture-4-16x12.jpg 16w, https:\/\/ipocasfurniture.com\/wp-content\/uploads\/2026\/09\/Circular-Outdoor-Furniture-4-600x450.jpg 600w\" sizes=\"(max-width: 960px) 100vw, 960px\" \/><\/figure>\n\n\n\n<h2 id=\"refurbishment-versus-replacement-compare-the-years-you-buy\" class=\"wp-block-heading\">Renova\u00e7\u00e3o versus substitui\u00e7\u00e3o: compare os anos de dura\u00e7\u00e3o dos produtos que adquire<\/h2>\n\n\n\n<p class=\"wp-block-paragraph\">As repara\u00e7\u00f5es baratas podem sair caras.<\/p>\n\n\n\n<p class=\"wp-block-paragraph\">Se um or\u00e7amento de recondicionamento excluir a recolha, os componentes de substitui\u00e7\u00e3o, a inspe\u00e7\u00e3o e o custo de outra interven\u00e7\u00e3o no prazo de duas \u00e9pocas, a poupan\u00e7a aparente pode desaparecer, mesmo que o comprador registe uma redu\u00e7\u00e3o substancial nas despesas de compra imediatas.<\/p>\n\n\n\n<p class=\"wp-block-paragraph\">O que \u00e9 que essa fatura de valor inferior permitiu adquirir, exatamente?<\/p>\n\n\n\n<p class=\"wp-block-paragraph\">Pensa nisto&nbsp;<strong>cen\u00e1rio ilustrativo de aquisi\u00e7\u00e3o \u2014 n\u00e3o se trata de uma cota\u00e7\u00e3o de um fornecedor nem de uma m\u00e9dia setorial calculada<\/strong>. Partindo do princ\u00edpio de que o desempenho dos assentos \u00e9 equivalente e considerando os seguintes custos de remodela\u00e7\u00e3o por cadeira:<\/p>\n\n\n\n<p class=\"wp-block-paragraph\">Os custos de recolha e reentrega ascendem a $18; os custos de inspe\u00e7\u00e3o e limpeza ascendem a $12; os custos das pe\u00e7as ascendem a $20; os custos de m\u00e3o-de-obra de repara\u00e7\u00e3o e acabamento ascendem a $30; e os custos de conting\u00eancia atribu\u00eddos ascendem a $10.<\/p>\n\n\n\n<figure class=\"wp-block-table\"><table class=\"has-fixed-layout\"><thead><tr><th>Compara\u00e7\u00e3o por cadeira<\/th><th class=\"has-text-align-right\" data-align=\"right\">Remodelar a cadeira existente<\/th><th class=\"has-text-align-right\" data-align=\"right\">Comprar uma cadeira nova equivalente<\/th><\/tr><\/thead><tbody><tr><td>Custo inicial, incluindo os custos log\u00edsticos indicados<\/td><td class=\"has-text-align-right\" data-align=\"right\">$90<\/td><td class=\"has-text-align-right\" data-align=\"right\">$180<\/td><\/tr><tr><td>Vida \u00fatil adicional estimada<\/td><td class=\"has-text-align-right\" data-align=\"right\">3 anos<\/td><td class=\"has-text-align-right\" data-align=\"right\">6 anos<\/td><\/tr><tr><td>Custo simples por ano \u00fatil<\/td><td class=\"has-text-align-right\" data-align=\"right\">$30<\/td><td class=\"has-text-align-right\" data-align=\"right\">$30<\/td><\/tr><tr><td>Despesa imediata para a aquisi\u00e7\u00e3o de 100 cadeiras<\/td><td class=\"has-text-align-right\" data-align=\"right\">$9,000<\/td><td class=\"has-text-align-right\" data-align=\"right\">$18,000<\/td><\/tr><tr><td>Principal pressuposto a verificar<\/td><td class=\"has-text-align-right\" data-align=\"right\">Vida \u00fatil restante ap\u00f3s a repara\u00e7\u00e3o<\/td><td class=\"has-text-align-right\" data-align=\"right\">Vida \u00fatil prevista em condi\u00e7\u00f5es reais de utiliza\u00e7\u00e3o<\/td><\/tr><\/tbody><\/table><\/figure>\n\n\n\n<p class=\"wp-block-paragraph\">A op\u00e7\u00e3o de remodela\u00e7\u00e3o reduz as despesas imediatas em&nbsp;<strong>50%<\/strong>. Partindo destes pressupostos, ambas as op\u00e7\u00f5es custam&nbsp;<strong>$30 por c\u00e1tedra-ano<\/strong>.<\/p>\n\n\n\n<p class=\"wp-block-paragraph\">Se alterarmos a vida \u00fatil adicional da cadeira recondicionada para cinco anos, o seu custo anual simples passa a ser&nbsp;<strong>$18<\/strong>. Se reduzirmos esse per\u00edodo para dois anos, o n\u00famero sobe para&nbsp;<strong>$45<\/strong>.<\/p>\n\n\n\n<p class=\"wp-block-paragraph\">\u00c9 por isso que pretendo que sejam realizadas avalia\u00e7\u00f5es do estado das instala\u00e7\u00f5es antes de se anunciarem metas ambiciosas de poupan\u00e7a.<\/p>\n\n\n\n<p class=\"wp-block-paragraph\">Esta compara\u00e7\u00e3o simplificada exclui o financiamento, os impostos, a manuten\u00e7\u00e3o posterior, o tempo de inatividade e o valor residual. Uma decis\u00e3o de compra deve ter em conta esses aspetos, sempre que forem relevantes. As compara\u00e7\u00f5es ambientais exigem os seus pr\u00f3prios dados comprovativos, incluindo o transporte, os materiais de substitui\u00e7\u00e3o, o processamento e a quantidade de nova produ\u00e7\u00e3o efetivamente substitu\u00edda.<\/p>\n\n\n\n<p class=\"wp-block-paragraph\">Uma fatura de valor inferior n\u00e3o permite determinar uma percentagem de redu\u00e7\u00e3o de CO\u2082e.<\/p>\n\n\n\n<h2 id=\"measure-reuse-not-just-collection\" class=\"wp-block-heading\">Avaliar a reutiliza\u00e7\u00e3o, n\u00e3o apenas a recolha<\/h2>\n\n\n\n<p class=\"wp-block-paragraph\">Gostaria de solicitar a todos os respons\u00e1veis pelos programas um registo reconciliado das entradas e dos resultados finais.<\/p>\n\n\n\n<p class=\"wp-block-paragraph\">O per\u00edodo de refer\u00eancia \u00e9 importante. O denominador tamb\u00e9m.<\/p>\n\n\n\n<p class=\"wp-block-paragraph\">Suponhamos que um&nbsp;<strong>lote ilustrativo<\/strong>&nbsp;cont\u00e9m 100 cadeiras devolvidas: 60 s\u00e3o recondicionadas e reutilizadas, 20 s\u00e3o encaminhadas para reciclagem de materiais, 10 s\u00e3o eliminadas e 10 permanecem em armazenamento. A taxa de reutiliza\u00e7\u00e3o documentada \u00e9 de&nbsp;<strong>60% de unidades recolhidas<\/strong>&nbsp;na data de refer\u00eancia.<\/p>\n\n\n\n<p class=\"wp-block-paragraph\">N\u00e3o \u00e9 o 90%. A quest\u00e3o do armazenamento continua por resolver.<\/p>\n\n\n\n<p class=\"wp-block-paragraph\">No que diz respeito aos programas de reciclagem de mobili\u00e1rio de exterior, solicite tanto a contagem de unidades como o peso dos materiais, sempre que tal for \u00fatil. Distinga a valoriza\u00e7\u00e3o energ\u00e9tica da reciclagem de materiais e mantenha ambas separadas da reutiliza\u00e7\u00e3o. Se um operador de tratamento informar que o material foi aceite, pergunte que provas sustentam o resultado do tratamento alegado.<\/p>\n\n\n\n<p class=\"wp-block-paragraph\">O meu painel de controlo de compras preferido apresenta:<\/p>\n\n\n\n<ul class=\"wp-block-list\">\n<li>Unidades apresentadas, aceites e rejeitadas.<\/li>\n\n\n\n<li>Unidades reparadas e colocadas novamente em servi\u00e7o.<\/li>\n\n\n\n<li>Unidades revendidas ou doadas, com registos de destino.<\/li>\n\n\n\n<li>Material enviado para reciclagem e resultados do processamento documentados.<\/li>\n\n\n\n<li>Elimina\u00e7\u00e3o, armazenamento e saldos pendentes.<\/li>\n\n\n\n<li>Custo por artigo devolvido para utiliza\u00e7\u00e3o e falhas subsequentes na repara\u00e7\u00e3o.<\/li>\n<\/ul>\n\n\n\n<p class=\"wp-block-paragraph\">H\u00e1 mais um n\u00famero que merece aten\u00e7\u00e3o: a percentagem de produtos que, ao chegarem ao fim da vida \u00fatil, entram efetivamente no programa. Os excelentes resultados obtidos com um lote reduzido e selecionado com rigor pouco nos dizem sobre o resto do mobili\u00e1rio instalado.<\/p>\n\n\n\n<figure class=\"wp-block-image size-full\"><img decoding=\"async\" width=\"960\" height=\"720\" src=\"https:\/\/ipocasfurniture.com\/wp-content\/uploads\/2026\/09\/Circular-Outdoor-Furniture-3.jpg\" alt=\"Mobili\u00e1rio de exterior circular\" class=\"wp-image-1087\" title=\"\" srcset=\"https:\/\/ipocasfurniture.com\/wp-content\/uploads\/2026\/09\/Circular-Outdoor-Furniture-3.jpg 960w, https:\/\/ipocasfurniture.com\/wp-content\/uploads\/2026\/09\/Circular-Outdoor-Furniture-3-300x225.jpg 300w, https:\/\/ipocasfurniture.com\/wp-content\/uploads\/2026\/09\/Circular-Outdoor-Furniture-3-768x576.jpg 768w, https:\/\/ipocasfurniture.com\/wp-content\/uploads\/2026\/09\/Circular-Outdoor-Furniture-3-16x12.jpg 16w, https:\/\/ipocasfurniture.com\/wp-content\/uploads\/2026\/09\/Circular-Outdoor-Furniture-3-600x450.jpg 600w\" sizes=\"(max-width: 960px) 100vw, 960px\" \/><\/figure>\n\n\n\n<h2 id=\"frequently-asked-questions\" class=\"wp-block-heading\">Perguntas Frequentes<\/h2>\n\n\n\n<h3 id=\"what-are-circular-outdoor-furniture-programs\" class=\"wp-block-heading\">O que s\u00e3o programas de mobili\u00e1rio de exterior circular?<\/h3>\n\n\n\n<p class=\"wp-block-paragraph\">Os programas circulares de mobili\u00e1rio de exterior s\u00e3o sistemas organizados que garantem a continuidade da utiliza\u00e7\u00e3o do mobili\u00e1rio de p\u00e1tio e jardim atrav\u00e9s da manuten\u00e7\u00e3o, repara\u00e7\u00e3o, renova\u00e7\u00e3o, recolha e redistribui\u00e7\u00e3o, reservando a reciclagem de materiais para os componentes que n\u00e3o possam ser reutilizados de forma segura ou econ\u00f3mica, de acordo com as regras de aceita\u00e7\u00e3o e processamento documentadas do programa.<\/p>\n\n\n\n<p class=\"wp-block-paragraph\">Avali\u00e1-los-ia com base no acesso \u00e0 repara\u00e7\u00e3o, na cobertura do servi\u00e7o, nas responsabilidades definidas por escrito e nos resultados comprovados.<\/p>\n\n\n\n<h3 id=\"how-do-furniture-take-back-programs-work\" class=\"wp-block-heading\">Como funcionam os programas de recolha de mobili\u00e1rio?<\/h3>\n\n\n\n<p class=\"wp-block-paragraph\">Os programas de recolha de mobili\u00e1rio funcionam atrav\u00e9s da verifica\u00e7\u00e3o da elegibilidade dos produtos, do acordo quanto \u00e0s modalidades de recolha ou entrega, da inspe\u00e7\u00e3o dos artigos devolvidos e do encaminhamento dos mesmos para reutiliza\u00e7\u00e3o, recondicionamento, recupera\u00e7\u00e3o de pe\u00e7as ou reciclagem, sendo que as taxas, a transfer\u00eancia de propriedade, o cr\u00e9dito ao cliente e a comunica\u00e7\u00e3o do destino final s\u00e3o determinados pelos termos escritos do prestador do servi\u00e7o.<\/p>\n\n\n\n<p class=\"wp-block-paragraph\">Solicite a aprova\u00e7\u00e3o antes de organizar o transporte. A descri\u00e7\u00e3o geral do programa de uma marca pode n\u00e3o abranger os seus modelos espec\u00edficos, o estado dos ve\u00edculos ou a sua aplica\u00e7\u00e3o comercial.<\/p>\n\n\n\n<h3 id=\"how-do-you-refurbish-outdoor-furniture\" class=\"wp-block-heading\">Como se renova o mobili\u00e1rio de exterior?<\/h3>\n\n\n\n<p class=\"wp-block-paragraph\">A renova\u00e7\u00e3o de mobili\u00e1rio de exterior \u00e9 um processo que visa restaurar o seu estado de utiliza\u00e7\u00e3o, atrav\u00e9s da identifica\u00e7\u00e3o da constru\u00e7\u00e3o, da avalia\u00e7\u00e3o da integridade estrutural, da limpeza das superf\u00edcies adequadas, da repara\u00e7\u00e3o ou substitui\u00e7\u00e3o de componentes desgastados, da renova\u00e7\u00e3o dos acabamentos adequados e da verifica\u00e7\u00e3o do produto final em rela\u00e7\u00e3o aos requisitos do ambiente a que se destina, antes de o colocar novamente em servi\u00e7o.<\/p>\n\n\n\n<p class=\"wp-block-paragraph\">No que diz respeito ao mobili\u00e1rio comercial, daria prioridade \u00e0 avalia\u00e7\u00e3o estrutural e aos crit\u00e9rios de aprova\u00e7\u00e3o documentados. O tratamento de superf\u00edcies deve respeitar o material e o sistema de revestimento identificados.<\/p>\n\n\n\n<h3 id=\"is-refurbished-outdoor-furniture-cheaper-than-buying-new\" class=\"wp-block-heading\">O mobili\u00e1rio de exterior recondicionado \u00e9 mais barato do que comprar novo?<\/h3>\n\n\n\n<p class=\"wp-block-paragraph\">O mobili\u00e1rio de exterior recondicionado \u00e9 um produto j\u00e1 existente que foi restaurado para continuar a ser utilizado, podendo custar menos do que um produto novo equivalente quando os custos combinados de inspe\u00e7\u00e3o, repara\u00e7\u00e3o, transporte e manuten\u00e7\u00e3o s\u00e3o justificados por um tempo de vida \u00fatil adicional suficiente, embora o pre\u00e7o inicial, por si s\u00f3, n\u00e3o permita determinar a poupan\u00e7a global.<\/p>\n\n\n\n<p class=\"wp-block-paragraph\">Compare o custo por ano de utiliza\u00e7\u00e3o, o \u00e2mbito da garantia, o tempo de inatividade e a disponibilidade de pe\u00e7as de substitui\u00e7\u00e3o. O exemplo $90 acima ilustra por que raz\u00e3o um custo inicial mais baixo, como o 50%, n\u00e3o implica necessariamente custos anuais mais baixos.<\/p>\n\n\n\n<h2 id=\"put-the-second-life-in-your-next-purchase-order\" class=\"wp-block-heading\">D\u00ea uma nova vida \u00e0 sua pr\u00f3xima ordem de compra<\/h2>\n\n\n\n<p class=\"wp-block-paragraph\">Antes de adquirir uma nova cole\u00e7\u00e3o de mobili\u00e1rio para o terra\u00e7o, fa\u00e7a um invent\u00e1rio do estado do mobili\u00e1rio existente e solicite duas op\u00e7\u00f5es com pre\u00e7os: a renova\u00e7\u00e3o do mobili\u00e1rio existente adequado e a substitui\u00e7\u00e3o por mobili\u00e1rio com assist\u00eancia t\u00e9cnica documentada e condi\u00e7\u00f5es de devolu\u00e7\u00e3o.<\/p>\n\n\n\n<p class=\"wp-block-paragraph\">Se estiver a analisar um&nbsp;<a href=\"https:\/\/ipocasfurniture.com\/pt\/gray-cushioned-backless-trestle-bench-for-wholesale-buyers\/\">Banco com cavalete, sem encosto e com almofada, para compra por grosso<\/a>, inclua a substitui\u00e7\u00e3o das almofadas, a inspe\u00e7\u00e3o da estrutura, a disponibilidade dos componentes e a recolha no fim da vida \u00fatil na discuss\u00e3o com o fornecedor.<\/p>\n\n\n\n<p class=\"wp-block-paragraph\">Solicite uma proposta por escrito relativa \u00e0 recondicionamento e recolha, que abranja os produtos exatos, as quantidades, a localiza\u00e7\u00e3o, as taxas e as obriga\u00e7\u00f5es de presta\u00e7\u00e3o de contas. Comece com um lote pequeno, avalie os resultados e utilize esses dados para negociar um contrato de maior dimens\u00e3o.<\/p>\n\n\n\n<p class=\"wp-block-paragraph\">O mobili\u00e1rio de exterior sustent\u00e1vel ganha o seu valor ao longo de anos de utiliza\u00e7\u00e3o. Estabele\u00e7a por escrito a responsabilidade por esses anos.<\/p>\n\n\n\n<p class=\"wp-block-paragraph\"><\/p>","protected":false},"excerpt":{"rendered":"<p>Os programas de mobili\u00e1rio de exterior circular s\u00e3o bem-sucedidos quando a repara\u00e7\u00e3o, a recolha e a revenda est\u00e3o integradas no contrato de compra. Analisamos os termos contratuais, a viabilidade econ\u00f3mica da recondicionamento e as normas de presta\u00e7\u00e3o de contas que distinguem os resultados mensur\u00e1veis das estrat\u00e9gias de marketing.<\/p>","protected":false},"author":1,"featured_media":1090,"comment_status":"open","ping_status":"open","sticky":false,"template":"","format":"standard","meta":{"_gspb_post_css":"","footnotes":""},"categories":[1],"tags":[244,246,245,242,243,241],"class_list":["post-1085","post","type-post","status-publish","format-standard","has-post-thumbnail","hentry","category-outdoor-furniture-trends","tag-circular-procurement","tag-commercial-outdoor-furniture","tag-furniture-take-back-programs","tag-outdoor-furniture-refurbishment","tag-patio-furniture-restoration","tag-sustainable-outdoor-furniture"],"blocksy_meta":{"styles_descriptor":{"styles":{"desktop":"","tablet":"","mobile":""},"google_fonts":[],"version":8}},"_links":{"self":[{"href":"https:\/\/ipocasfurniture.com\/pt\/wp-json\/wp\/v2\/posts\/1085","targetHints":{"allow":["GET"]}}],"collection":[{"href":"https:\/\/ipocasfurniture.com\/pt\/wp-json\/wp\/v2\/posts"}],"about":[{"href":"https:\/\/ipocasfurniture.com\/pt\/wp-json\/wp\/v2\/types\/post"}],"author":[{"embeddable":true,"href":"https:\/\/ipocasfurniture.com\/pt\/wp-json\/wp\/v2\/users\/1"}],"replies":[{"embeddable":true,"href":"https:\/\/ipocasfurniture.com\/pt\/wp-json\/wp\/v2\/comments?post=1085"}],"version-history":[{"count":1,"href":"https:\/\/ipocasfurniture.com\/pt\/wp-json\/wp\/v2\/posts\/1085\/revisions"}],"predecessor-version":[{"id":1096,"href":"https:\/\/ipocasfurniture.com\/pt\/wp-json\/wp\/v2\/posts\/1085\/revisions\/1096"}],"wp:featuredmedia":[{"embeddable":true,"href":"https:\/\/ipocasfurniture.com\/pt\/wp-json\/wp\/v2\/media\/1090"}],"wp:attachment":[{"href":"https:\/\/ipocasfurniture.com\/pt\/wp-json\/wp\/v2\/media?parent=1085"}],"wp:term":[{"taxonomy":"category","embeddable":true,"href":"https:\/\/ipocasfurniture.com\/pt\/wp-json\/wp\/v2\/categories?post=1085"},{"taxonomy":"post_tag","embeddable":true,"href":"https:\/\/ipocasfurniture.com\/pt\/wp-json\/wp\/v2\/tags?post=1085"}],"curies":[{"name":"wp","href":"https:\/\/api.w.org\/{rel}","templated":true}]}}