{"id":1115,"date":"2026-09-03T07:00:09","date_gmt":"2026-09-03T07:00:09","guid":{"rendered":"https:\/\/ipocasfurniture.com\/?p=1115"},"modified":"2026-09-03T07:00:09","modified_gmt":"2026-09-03T07:00:09","slug":"outdoor-furniture-customization-options-for-private-label-brands","status":"publish","type":"post","link":"https:\/\/ipocasfurniture.com\/pt\/outdoor-furniture-customization-options-for-private-label-brands\/","title":{"rendered":"Op\u00e7\u00f5es de personaliza\u00e7\u00e3o de mobili\u00e1rio de exterior para marcas pr\u00f3prias"},"content":{"rendered":"<p class=\"wp-block-paragraph\">A personaliza\u00e7\u00e3o acaba por sair cara. Quando uma marca de marca pr\u00f3pria altera simultaneamente a estrutura, os requisitos de almofadagem, o sistema de revestimento e a embalagem de envio, a equipa de compras tem de tomar v\u00e1rias decis\u00f5es de desenvolvimento interligadas antes de determinar quais as atualiza\u00e7\u00f5es pelas quais os clientes estar\u00e3o realmente dispostos a pagar. Qual dessas altera\u00e7\u00f5es se reflete na sua margem de lucro?<\/p>\n\n\n\n<p class=\"wp-block-paragraph\">Come\u00e7aria por a\u00ed.<\/p>\n\n\n\n<p class=\"wp-block-paragraph\">O mobili\u00e1rio de exterior personalizado pode incluir as dimens\u00f5es da estrutura, os materiais, os acabamentos, os elementos de mobili\u00e1rio, os mecanismos, os log\u00f3tipos, a embalagem do produto e estilos totalmente originais. O \u00e2mbito razo\u00e1vel depende da sua rede de vendas, do volume de encomendas previsto, do cliente-alvo e da capacidade de dar assist\u00eancia ao produto ap\u00f3s a distribui\u00e7\u00e3o.<\/p>\n\n\n\n<p class=\"wp-block-paragraph\">A minha configura\u00e7\u00e3o \u00e9 simples:&nbsp;<strong>pagar pela distin\u00e7\u00e3o que se pode explicar, analisar e reorganizar.<\/strong>&nbsp;Um exemplar magn\u00edfico tem, na verdade, um valor comercial limitado se o lote de produ\u00e7\u00e3o seguinte vier com diferentes tipos de enchimento ou componentes substitutos inadequados.<\/p>\n\n\n\n<figure class=\"wp-block-image size-full\"><img decoding=\"async\" width=\"960\" height=\"720\" src=\"https:\/\/ipocasfurniture.com\/wp-content\/uploads\/2026\/09\/Outdoor-Furniture-Customization-3.jpg\" alt=\"Personaliza\u00e7\u00e3o de mobili\u00e1rio de exterior\" class=\"wp-image-1116\" title=\"\" srcset=\"https:\/\/ipocasfurniture.com\/wp-content\/uploads\/2026\/09\/Outdoor-Furniture-Customization-3.jpg 960w, https:\/\/ipocasfurniture.com\/wp-content\/uploads\/2026\/09\/Outdoor-Furniture-Customization-3-300x225.jpg 300w, https:\/\/ipocasfurniture.com\/wp-content\/uploads\/2026\/09\/Outdoor-Furniture-Customization-3-768x576.jpg 768w, https:\/\/ipocasfurniture.com\/wp-content\/uploads\/2026\/09\/Outdoor-Furniture-Customization-3-16x12.jpg 16w, https:\/\/ipocasfurniture.com\/wp-content\/uploads\/2026\/09\/Outdoor-Furniture-Customization-3-600x450.jpg 600w\" sizes=\"(max-width: 960px) 100vw, 960px\" \/><\/figure>\n\n\n\n<h2 id=\"choose-your-production-path-before-choosing-color-styles\" class=\"wp-block-heading\">Escolha o seu m\u00e9todo de produ\u00e7\u00e3o antes de escolher os estilos de cor<\/h2>\n\n\n\n<p class=\"wp-block-paragraph\">A express\u00e3o \u00abmobili\u00e1rio de exterior de marca pr\u00f3pria\u00bb refere-se apenas \u00e0 forma como o produto chega ao mercado sob a sua marca. Por si s\u00f3, n\u00e3o indica quem desenvolveu o mobili\u00e1rio nem quem det\u00e9m os seus desenhos.<\/p>\n\n\n\n<p class=\"wp-block-paragraph\">No que diz respeito \u00e0s fun\u00e7\u00f5es de compras, distinguem-se duas configura\u00e7\u00f5es t\u00edpicas:<\/p>\n\n\n\n<ul class=\"wp-block-list\">\n<li><strong>Fabrico de mobili\u00e1rio de exterior para OEM:<\/strong>\u00a0A unidade de produ\u00e7\u00e3o fabrica mobili\u00e1rio de acordo com o estilo e os requisitos que nos indicar.<\/li>\n\n\n\n<li><strong>Disposi\u00e7\u00e3o do mobili\u00e1rio exterior ODM:<\/strong>\u00a0O utilizador adapta o projeto existente de um fabricante, podendo alterar os revestimentos, o mobili\u00e1rio, as dimens\u00f5es ou os componentes selecionados.<\/li>\n<\/ul>\n\n\n\n<p class=\"wp-block-paragraph\">Os fornecedores utilizam, por vezes, estes termos de forma arbitr\u00e1ria. Especifique as obriga\u00e7\u00f5es efetivas no contrato.<\/p>\n\n\n\n<p class=\"wp-block-paragraph\">Para uma primeira cole\u00e7\u00e3o, preferiria um design j\u00e1 existente, desde que a sua constru\u00e7\u00e3o, dimens\u00f5es e aspeto correspondam ao briefing do cliente. \u00c9 muito mais f\u00e1cil justificar o design inicial quando um pormenor espec\u00edfico traz um benef\u00edcio comercial quantific\u00e1vel.<\/p>\n\n\n\n<p class=\"wp-block-paragraph\">No entanto, uma cor especial n\u00e3o d\u00e1 origem, por si s\u00f3, a um produto especial.<\/p>\n\n\n\n<p class=\"wp-block-paragraph\">Solicite os ficheiros CAD, os moldes, os componentes de soldadura e os desenhos gr\u00e1ficos da embalagem do produto. Especifique se a exclusividade abrange o projeto completo, uma configura\u00e7\u00e3o, uma regi\u00e3o, uma rede de vendas ou um per\u00edodo de tempo determinado. Inclua o acesso \u00e0s ferramentas e \u00e0s pe\u00e7as de substitui\u00e7\u00e3o caso a parceria termine.<\/p>\n\n\n\n<p class=\"wp-block-paragraph\">Estas quest\u00f5es devem ser abordadas antes do pagamento do sinal.<\/p>\n\n\n\n<h2 id=\"define-outdoor-furniture-materials-and-finishes-as-a-system\" class=\"wp-block-heading\">Definir os materiais e acabamentos do mobili\u00e1rio de exterior como um sistema<\/h2>\n\n\n\n<p class=\"wp-block-paragraph\">\u201cCusto do alum\u00ednio\u201d \u00e9 uma especifica\u00e7\u00e3o de compra incompleta.<\/p>\n\n\n\n<p class=\"wp-block-paragraph\">No caso de uma estrutura de a\u00e7o, perguntaria certamente qual \u00e9 a liga e o estado de tratamento, as dimens\u00f5es da \u00e1rea, a espessura das paredes, os detalhes das juntas, o pr\u00e9-tratamento, o acabamento final e os crit\u00e9rios de inspe\u00e7\u00e3o. Uma designa\u00e7\u00e3o como 6063-T6 identifica uma liga de alum\u00ednio leve e o seu estado de tratamento; tal n\u00e3o significa que a cadeira acabada seja adequada para a utiliza\u00e7\u00e3o pretendida.<\/p>\n\n\n\n<p class=\"wp-block-paragraph\">O mesmo cuidado aplica-se ao a\u00e7o, \u00e0 madeira, \u00e0s superf\u00edcies tecidas e aos estofos.<\/p>\n\n\n\n<p class=\"wp-block-paragraph\">Para uma cole\u00e7\u00e3o inspirada num&nbsp;<a href=\"https:\/\/ipocasfurniture.com\/pt\/wholesale-metal-wood-outdoor-patio-furniture-lounge-set\/\">conjunto de mobili\u00e1rio de exterior para p\u00e1tio em a\u00e7o e madeira<\/a>, o briefing de personaliza\u00e7\u00e3o deve definir as esp\u00e9cies de madeira, o tratamento de superf\u00edcie, a configura\u00e7\u00e3o de fixa\u00e7\u00e3o, os detalhes relativos \u00e0 drenagem da \u00e1gua e os requisitos de substitui\u00e7\u00e3o. Deve ter em conta a interliga\u00e7\u00e3o entre os produtos como parte integrante do projeto.<\/p>\n\n\n\n<p class=\"wp-block-paragraph\">O meu resumo sobre os materiais abrangeria:<\/p>\n\n\n\n<ul class=\"wp-block-list\">\n<li><strong>Estruturas:<\/strong>\u00a0Classifica\u00e7\u00e3o precisa dos materiais, desenhos de constru\u00e7\u00e3o, requisitos de soldadura e alternativas permitidas.<\/li>\n\n\n\n<li><strong>Acabamentos:<\/strong>\u00a0Refer\u00eancia de cor, brilho, textura, pr\u00e9-tratamento, especifica\u00e7\u00f5es do revestimento e uma amostra f\u00edsica autorizada.<\/li>\n\n\n\n<li><strong>Madeira serrada:<\/strong>\u00a0Esp\u00e9cies, requisitos de classifica\u00e7\u00e3o, n\u00edvel de humidade acordado no momento da avalia\u00e7\u00e3o, superf\u00edcie e diretrizes de tratamento.<\/li>\n\n\n\n<li><strong>Pe\u00e7as tecidas:<\/strong>\u00a0Quer se trate de rattan natural, polietileno, polipropileno ou outro produto especificado.<\/li>\n\n\n\n<li><strong>Almofadas e eslingas:<\/strong>\u00a0Estrutura do tecido, recomenda\u00e7\u00e3o do fornecedor, constru\u00e7\u00e3o, costuras, t\u00e9cnica de fixa\u00e7\u00e3o e requisitos de desempenho.<\/li>\n\n\n\n<li><strong>Equipamento:<\/strong>\u00a0Material dos parafusos, acabamento, dimens\u00f5es e viabilidade para a montagem completa.<\/li>\n<\/ul>\n\n\n\n<p class=\"wp-block-paragraph\">Para&nbsp;<a href=\"https:\/\/ipocasfurniture.com\/pt\/wholesale-9-piece-metal-sling-outdoor-patio-dining-sets\/\">Conjuntos de refei\u00e7\u00e3o para p\u00e1tio exterior com eslingas de a\u00e7o<\/a>, eu consideraria certamente a substitui\u00e7\u00e3o da al\u00e7a uma quest\u00e3o de estilo. Pergunte como \u00e9 que o tecido \u00e9 fixado, se os consumidores o podem substituir e como \u00e9 que o tecido de substitui\u00e7\u00e3o ser\u00e1 identificado anos mais tarde.<\/p>\n\n\n\n<p class=\"wp-block-paragraph\">Trata-se de uma op\u00e7\u00e3o de modifica\u00e7\u00e3o com fins de assist\u00eancia p\u00f3s-venda.<\/p>\n\n\n\n<figure class=\"wp-block-image size-full\"><img decoding=\"async\" width=\"960\" height=\"720\" src=\"https:\/\/ipocasfurniture.com\/wp-content\/uploads\/2026\/09\/Outdoor-Furniture-Customization-4.jpg\" alt=\"Personaliza\u00e7\u00e3o de mobili\u00e1rio de exterior\" class=\"wp-image-1117\" title=\"\" srcset=\"https:\/\/ipocasfurniture.com\/wp-content\/uploads\/2026\/09\/Outdoor-Furniture-Customization-4.jpg 960w, https:\/\/ipocasfurniture.com\/wp-content\/uploads\/2026\/09\/Outdoor-Furniture-Customization-4-300x225.jpg 300w, https:\/\/ipocasfurniture.com\/wp-content\/uploads\/2026\/09\/Outdoor-Furniture-Customization-4-768x576.jpg 768w, https:\/\/ipocasfurniture.com\/wp-content\/uploads\/2026\/09\/Outdoor-Furniture-Customization-4-16x12.jpg 16w, https:\/\/ipocasfurniture.com\/wp-content\/uploads\/2026\/09\/Outdoor-Furniture-Customization-4-600x450.jpg 600w\" sizes=\"(max-width: 960px) 100vw, 960px\" \/><\/figure>\n\n\n\n<h2 id=\"treat-changes-to-dimensions-and-mechanisms-as-design-job\" class=\"wp-block-heading\">Encarar as altera\u00e7\u00f5es nas dimens\u00f5es e nos mecanismos como uma tarefa de conce\u00e7\u00e3o<\/h2>\n\n\n\n<p class=\"wp-block-paragraph\">Um assento mais largo pode parecer uma melhoria simples. O mesmo se pode dizer de um assento mais alto, de um apoio de bra\u00e7o mais fino ou de uma posi\u00e7\u00e3o reclin\u00e1vel adicional.<\/p>\n\n\n\n<p class=\"wp-block-paragraph\">Certamente exigiria um parecer t\u00e9cnico sempre que uma altera\u00e7\u00e3o afetasse a geometria de suporte, as juntas, a estabilidade, os componentes m\u00f3veis ou a forma como o cliente entra e sai do m\u00f3vel.<\/p>\n\n\n\n<p class=\"wp-block-paragraph\">Pensa numa adapta\u00e7\u00e3o recomendada de um&nbsp;<a href=\"https:\/\/ipocasfurniture.com\/pt\/commercial-outdoor-metal-bar-table-and-backless-stool-set\/\">Cole\u00e7\u00e3o de mesas comerciais de exterior em a\u00e7o com pernas em barra e bancos sem encosto<\/a>. O resumo deve abordar a eleva\u00e7\u00e3o do assento, a altura livre da mesa, o ajuste do apoio para os p\u00e9s, as dimens\u00f5es da base e a utiliza\u00e7\u00e3o prevista, considerando-os em conjunto. Aprov\u00e1-los separadamente deixa muitas quest\u00f5es por resolver.<\/p>\n\n\n\n<p class=\"wp-block-paragraph\">O documento relativo \u00e0 recolha explica o motivo.<\/p>\n\n\n\n<p class=\"wp-block-paragraph\">Em&nbsp;<strong>20 de junho de 2024<\/strong>, a Comiss\u00e3o de Seguran\u00e7a dos Produtos de Consumo dos Estados Unidos anunciou a recolha de cerca de&nbsp;<strong>70 000 espregui\u00e7adeiras \u00abFrontgate Resort Collection Newport\u00bb em alum\u00ednio leve e teca<\/strong>, composto por SKUs&nbsp;<strong>67333<\/strong>&nbsp;e&nbsp;<strong>166218<\/strong>. Os encostos flex\u00edveis podem baixar repentinamente enquanto s\u00e3o reajustados por um cliente sentado; o aviso registou em v\u00eddeo duas amputa\u00e7\u00f5es parciais de dedos e uma les\u00e3o por esmagamento de um dedo que exigiu interven\u00e7\u00e3o cir\u00fargica.<\/p>\n\n\n\n<p class=\"wp-block-paragraph\">Esse caso n\u00e3o demonstra que essa altera\u00e7\u00e3o tenha sido a causa do problema. No entanto, mostra por que raz\u00e3o um atributo ajust\u00e1vel merece uma an\u00e1lise que v\u00e1 al\u00e9m de uma imagem apelativa do produto.<\/p>\n\n\n\n<p class=\"wp-block-paragraph\">A constru\u00e7\u00e3o em madeira levanta quest\u00f5es pr\u00f3prias. Num artigo \u00e0 parte&nbsp;<strong>21 de dezembro de 2023<\/strong>&nbsp;De acordo com o comunicado, a CPSC retirou do mercado cerca de&nbsp;<strong>29 000 cadeiras de bistr\u00f4 em madeira e corda da TJX<\/strong>&nbsp;uma vez que as suas estruturas podem danificar-se ou desmoronar-se. A empresa tinha, de facto, recebido oito relatos de falhas e seis relatos de ferimentos ligeiros.<\/p>\n\n\n\n<p class=\"wp-block-paragraph\">A minha conclus\u00e3o: especifique os requisitos de aprova\u00e7\u00e3o do produto final antes de aceitar uma altera\u00e7\u00e3o arquitet\u00f3nica. Pergunte ao laborat\u00f3rio de ensaios quais as avalia\u00e7\u00f5es que t\u00eam em conta o mercado de destino, a utiliza\u00e7\u00e3o prevista e a configura\u00e7\u00e3o alterada.<\/p>\n\n\n\n<h2 id=\"build-branding-and-product-packaging-around-the-item-s-full-trip\" class=\"wp-block-heading\">Desenvolver a imagem de marca e a embalagem do produto tendo em conta todo o percurso do artigo<\/h2>\n\n\n\n<p class=\"wp-block-paragraph\">A personaliza\u00e7\u00e3o da imagem de marca e das embalagens dos produtos de mobili\u00e1rio de exterior pode incluir emblemas, etiquetas tecidas, caixas de cart\u00e3o impressas, guias de montagem, fichas de manuten\u00e7\u00e3o e identifica\u00e7\u00e3o de pe\u00e7as de substitui\u00e7\u00e3o.<\/p>\n\n\n\n<p class=\"wp-block-paragraph\">Colocaria, sem d\u00favida, a rastreabilidade no topo dessa lista.<\/p>\n\n\n\n<p class=\"wp-block-paragraph\">Um sistema de identifica\u00e7\u00e3o \u00fatil associa o mobili\u00e1rio do cliente a um modelo, a uma configura\u00e7\u00e3o, a um lote de produ\u00e7\u00e3o e a uma revis\u00e3o da pe\u00e7a. A vossa equipa de assist\u00eancia deve ser capaz de distinguir duas cadeiras esteticamente semelhantes que utilizem instala\u00e7\u00f5es diferentes.<\/p>\n\n\n\n<p class=\"wp-block-paragraph\">Aplica essa mesma disciplina a um&nbsp;<a href=\"https:\/\/ipocasfurniture.com\/pt\/backless-slat-bench-metal-pedestal-base-outdoor-patio-furniture\/\">banco de ripas sem encosto com base em pedestal de a\u00e7o<\/a>. Numa vers\u00e3o sugerida com marca pr\u00f3pria, especifique exatamente como o design e o conjunto ser\u00e3o identificados, onde ser\u00e1 colocada a marca e se determinadas ripas ou acess\u00f3rios podem ser adquiridos individualmente.<\/p>\n\n\n\n<p class=\"wp-block-paragraph\">Depois disso, avance com a configura\u00e7\u00e3o da entrega.<\/p>\n\n\n\n<p class=\"wp-block-paragraph\">O mobili\u00e1rio ser\u00e1 entregue j\u00e1 montado, parcialmente montado ou em embalagem plana? Que superf\u00edcies podem sofrer danos durante o transporte? O cliente consegue identificar cada parafuso sem ter de adivinhar? A embalagem protege o acabamento sem tornar a montagem desnecessariamente dif\u00edcil?<\/p>\n\n\n\n<p class=\"wp-block-paragraph\">Uma prova de design de log\u00f3tipo n\u00e3o responde a nenhuma dessas perguntas.<\/p>\n\n\n\n<p class=\"wp-block-paragraph\">Aceitaria embalagens de produto que tivessem em conta o artigo em si e o canal de distribui\u00e7\u00e3o previsto. Uma embalagem concebida para distribui\u00e7\u00e3o em paletes requer uma avalia\u00e7\u00e3o de adequa\u00e7\u00e3o diferente antes de ser utilizada para a distribui\u00e7\u00e3o espec\u00edfica de encomendas.<\/p>\n\n\n\n<figure class=\"wp-block-image size-full\"><img decoding=\"async\" width=\"960\" height=\"720\" src=\"https:\/\/ipocasfurniture.com\/wp-content\/uploads\/2026\/09\/Outdoor-Furniture-Customization-1.jpg\" alt=\"Personaliza\u00e7\u00e3o de mobili\u00e1rio de exterior\" class=\"wp-image-1118\" title=\"\" srcset=\"https:\/\/ipocasfurniture.com\/wp-content\/uploads\/2026\/09\/Outdoor-Furniture-Customization-1.jpg 960w, https:\/\/ipocasfurniture.com\/wp-content\/uploads\/2026\/09\/Outdoor-Furniture-Customization-1-300x225.jpg 300w, https:\/\/ipocasfurniture.com\/wp-content\/uploads\/2026\/09\/Outdoor-Furniture-Customization-1-768x576.jpg 768w, https:\/\/ipocasfurniture.com\/wp-content\/uploads\/2026\/09\/Outdoor-Furniture-Customization-1-16x12.jpg 16w, https:\/\/ipocasfurniture.com\/wp-content\/uploads\/2026\/09\/Outdoor-Furniture-Customization-1-600x450.jpg 600w\" sizes=\"(max-width: 960px) 100vw, 960px\" \/><\/figure>\n\n\n\n<h2 id=\"cost-every-alternative-prior-to-expanding-the-collection\" class=\"wp-block-heading\">Avaliar os custos de todas as alternativas antes de alargar a cole\u00e7\u00e3o<\/h2>\n\n\n\n<p class=\"wp-block-paragraph\">O valor mais revelador num or\u00e7amento de personaliza\u00e7\u00e3o poder\u00e1 ser a quantidade m\u00ednima de encomenda para cada pe\u00e7a.<\/p>\n\n\n\n<p class=\"wp-block-paragraph\">Pergunte se o pre\u00e7o m\u00ednimo se aplica \u00e0 encomenda na totalidade, a cada modelo de mobili\u00e1rio, a cada tonalidade de moldura, a cada material ou a cada combina\u00e7\u00e3o especial. Trata-se de condi\u00e7\u00f5es diferentes.<\/p>\n\n\n\n<p class=\"wp-block-paragraph\">Tenha em considera\u00e7\u00e3o um&nbsp;<strong>exemplo ilustrativo, n\u00e3o \u00e9 uma cota\u00e7\u00e3o de um distribuidor<\/strong>: 3 cores de arma\u00e7\u00e3o, 2 tecidos e 2 tamanhos resultam em&nbsp;<strong>12 misturas<\/strong>. Se o m\u00ednimo for de 100 dispositivos por combina\u00e7\u00e3o, o lan\u00e7amento exigir\u00e1 1 200 unidades. Se a f\u00e1brica permitir um m\u00ednimo agregado, a quantidade necess\u00e1ria poder\u00e1 variar consideravelmente.<\/p>\n\n\n\n<p class=\"wp-block-paragraph\">Precisamos dessa distin\u00e7\u00e3o na composi\u00e7\u00e3o.<\/p>\n\n\n\n<p class=\"wp-block-paragraph\">As ferramentas tamb\u00e9m alteram os c\u00e1lculos. Um exemplo ilustrativo&nbsp;<strong>$6.000 de custos de ferramentas<\/strong>&nbsp;inclui&nbsp;<strong>$20 cada<\/strong>&nbsp;em 300 dispositivos, mas&nbsp;<strong>$3 cada<\/strong>&nbsp;em 2 000 unidades, antes dos custos de financiamento ou de manuten\u00e7\u00e3o.<\/p>\n\n\n\n<p class=\"wp-block-paragraph\">E pequenos ajustes na embalagem merecem aten\u00e7\u00e3o. Aumentar o volume da caixa de cart\u00e3o de&nbsp;<strong>0,20 m TR\u00caS<\/strong>&nbsp;at\u00e9 0,23 m&nbsp;<strong>o quatro \u00e9 um 15<\/strong>Aumento de %. As despesas com produtos nem sempre aumentar\u00e3o exatamente em 15%, uma vez que os pre\u00e7os de entrega e as restri\u00e7\u00f5es de carregamento variam; no entanto, esta altera\u00e7\u00e3o deve ser tida em conta no c\u00e1lculo do custo de importa\u00e7\u00e3o.<\/p>\n\n\n\n<p class=\"wp-block-paragraph\">Solicitaria, sem d\u00favida, or\u00e7amentos separados para desenvolvimento, amostras, ferramentas, fabrico, embalagem do produto, controlo de qualidade e componentes de substitui\u00e7\u00e3o. \u00c9 necess\u00e1rio que o or\u00e7amento indique o Incoterm, o local de entrega e o prazo de validade.<\/p>\n\n\n\n<h2 id=\"make-top-quality-approval-follow-the-specific-arrangement\" class=\"wp-block-heading\">Assegurar que a aprova\u00e7\u00e3o da qualidade superior siga as disposi\u00e7\u00f5es espec\u00edficas<\/h2>\n\n\n\n<p class=\"wp-block-paragraph\">Recusaria um relat\u00f3rio de inspe\u00e7\u00e3o apenas pelo facto de a cadeira fotografada se parecer com o produto que foi encomendado.<\/p>\n\n\n\n<p class=\"wp-block-paragraph\">Verifique o reconhecimento do modelo, a constru\u00e7\u00e3o, os materiais, as medidas, a configura\u00e7\u00e3o analisada, o m\u00e9todo de ensaio, a data e as normas de homologa\u00e7\u00e3o. Se a sua vers\u00e3o for diferente, pergunte ao laborat\u00f3rio de investiga\u00e7\u00e3o se o relat\u00f3rio continua a ser v\u00e1lido.<\/p>\n\n\n\n<p class=\"wp-block-paragraph\">Uma terceira refer\u00eancia torna o fator concreto. Em&nbsp;<strong>25 de janeiro de 2024<\/strong>, a CPSC anunciou a recolha de cerca de&nbsp;<strong>53 800 cadeiras de exterior \u00abAllegro\u00bb da Lancaster Table &amp; Seats<\/strong>, fabricadas em polipropileno refor\u00e7ado com fibra de vidro e comercializadas em 14 tonalidades. As cadeiras podem desintegrar-se durante a utiliza\u00e7\u00e3o; a empresa registou 16 casos e dois feridos.<\/p>\n\n\n\n<p class=\"wp-block-paragraph\">O aviso n\u00e3o identifica a variante de cor como a raz\u00e3o. Al\u00e9m disso, ningu\u00e9m deve transformar os casos comunicados, agrupados por unidades recordadas, diretamente numa taxa de avaria fi\u00e1vel: isso n\u00e3o reflete a utiliza\u00e7\u00e3o real nem constitui um relat\u00f3rio completo.<\/p>\n\n\n\n<p class=\"wp-block-paragraph\">No que diz respeito ao fornecimento exclusivo de etiquetas, aprovaria certamente tr\u00eas documentos: uma especifica\u00e7\u00e3o assinada, uma amostra representativa da produ\u00e7\u00e3o que tenha sido aceite e um plano de inspe\u00e7\u00e3o documentado.<\/p>\n\n\n\n<p class=\"wp-block-paragraph\">Exigir a autoriza\u00e7\u00e3o pr\u00e9via antes de quaisquer substitui\u00e7\u00f5es de materiais. Registar as altera\u00e7\u00f5es. Definir como ser\u00e3o tratadas as mercadorias rejeitadas, o retrabalho, os componentes de substitui\u00e7\u00e3o e as atividades de repara\u00e7\u00e3o.<\/p>\n\n\n\n<p class=\"wp-block-paragraph\">A tabela que se segue apresenta uma estrutura orientativa. A disponibilidade real, o custo e o tempo de desenvolvimento devem ser confirmados junto do fabricante.<\/p>\n\n\n\n<figure class=\"wp-block-table\"><table class=\"has-fixed-layout\"><thead><tr><th>Op\u00e7\u00e3o de modifica\u00e7\u00e3o<\/th><th>Vantagem comercial potencial<\/th><th>O que pode alterar a despesa<\/th><th>Prova para a encomenda<\/th><\/tr><\/thead><tbody><tr><td>Cor estrutural e aspeto<\/td><td>Estilo caracter\u00edstico da cole\u00e7\u00e3o<\/td><td>Min\u00edmuns de acabamento, transi\u00e7\u00f5es, voltas para baixo<\/td><td>Requisitos relativos \u00e0s amostras de revestimento f\u00edsico e ao acabamento<\/td><\/tr><tr><td>Tecido, tipoia ou almofada<\/td><td>Conforto e estilo \u00fanicos<\/td><td>Quantidades m\u00ednimas de material, res\u00edduos de corte, edifica\u00e7\u00e3o e constru\u00e7\u00e3o<\/td><td>Refer\u00eancia de produto autorizada e amostra acabada<\/td><\/tr><tr><td>Variedades de madeira ou tratamento da superf\u00edcie<\/td><td>Uma proposta diferente em termos de apar\u00eancia e cuidados<\/td><td>Qualidade do material, rendimento, procedimento de conclus\u00e3o<\/td><td>Identifica\u00e7\u00e3o dos materiais e cuidados a ter<\/td><\/tr><tr><td>Dimens\u00f5es do assento ou geometria da estrutura<\/td><td>Mais adequado para um consumidor espec\u00edfico<\/td><td>Ilustra\u00e7\u00f5es, componentes, quantidade por embalagem, testes<\/td><td>Ilustra\u00e7\u00f5es adaptadas e resultados de testes relevantes<\/td><\/tr><tr><td>Mecanismo de dobragem ou de reclina\u00e7\u00e3o<\/td><td>Maior desempenho<\/td><td>Conce\u00e7\u00e3o, ferramentas, montagem, reconhecimento<\/td><td>Avalia\u00e7\u00e3o de dispositivos e testes de produtos acabados<\/td><\/tr><tr><td>Designs de log\u00f3tipos e etiquetas de produtos<\/td><td>Reconhecimento da marca e rastreabilidade<\/td><td>M\u00e9todo de aplica\u00e7\u00e3o e ajustes na obra de arte<\/td><td>Sistema de verifica\u00e7\u00e3o de posicionamento e identifica\u00e7\u00e3o<\/td><\/tr><tr><td>Contentores e formato de montagem<\/td><td>Efici\u00eancia na entrega e configura\u00e7\u00e3o mais simples<\/td><td>Defesa, dimens\u00f5es, m\u00e3o-de-obra de embalagem<\/td><td>Plano de ensaio de amostras compactadas e de circula\u00e7\u00e3o<\/td><\/tr><tr><td>Estilo OEM original<\/td><td>Maior controlo sobre a diferencia\u00e7\u00e3o dos produtos<\/td><td>Desenvolvimento, ferramentas, exemplos, condi\u00e7\u00f5es de posse<\/td><td>Pacote de layout aceite e liberdades civis consagradas<\/td><\/tr><\/tbody><\/table><\/figure>\n\n\n\n<figure class=\"wp-block-image size-full\"><img decoding=\"async\" width=\"960\" height=\"720\" src=\"https:\/\/ipocasfurniture.com\/wp-content\/uploads\/2026\/09\/Outdoor-Furniture-Customization-2.jpg\" alt=\"Personaliza\u00e7\u00e3o de mobili\u00e1rio de exterior\" class=\"wp-image-1119\" title=\"\" srcset=\"https:\/\/ipocasfurniture.com\/wp-content\/uploads\/2026\/09\/Outdoor-Furniture-Customization-2.jpg 960w, https:\/\/ipocasfurniture.com\/wp-content\/uploads\/2026\/09\/Outdoor-Furniture-Customization-2-300x225.jpg 300w, https:\/\/ipocasfurniture.com\/wp-content\/uploads\/2026\/09\/Outdoor-Furniture-Customization-2-768x576.jpg 768w, https:\/\/ipocasfurniture.com\/wp-content\/uploads\/2026\/09\/Outdoor-Furniture-Customization-2-16x12.jpg 16w, https:\/\/ipocasfurniture.com\/wp-content\/uploads\/2026\/09\/Outdoor-Furniture-Customization-2-600x450.jpg 600w\" sizes=\"(max-width: 960px) 100vw, 960px\" \/><\/figure>\n\n\n\n<h2 id=\"regularly-asked-inquiries\" class=\"wp-block-heading\">Perguntas Frequentes<\/h2>\n\n\n\n<h3 id=\"what-can-exclusive-label-brands-customize-in-outdoor-furniture\" class=\"wp-block-heading\">O que \u00e9 que as marcas de linha exclusiva podem personalizar no mobili\u00e1rio de exterior?<\/h3>\n\n\n\n<p class=\"wp-block-paragraph\">A modifica\u00e7\u00e3o do mobili\u00e1rio de exterior consiste nos requisitos relativos \u00e0s caracter\u00edsticas selecionadas pela marca \u2014 incluindo materiais de constru\u00e7\u00e3o, dimens\u00f5es, acabamentos, t\u00eaxteis, estofos, pe\u00e7as tecidas, acess\u00f3rios, log\u00f3tipos e embalagem do produto \u2014 dentro das capacidades de produ\u00e7\u00e3o acordadas com o fornecedor, sendo cada ajuste documentado em fun\u00e7\u00e3o do mercado-alvo, das exig\u00eancias de desempenho, da amostra aprovada e das condi\u00e7\u00f5es comerciais.<\/p>\n\n\n\n<p class=\"wp-block-paragraph\">Concentrar-me-ia, sem d\u00favida, nas altera\u00e7\u00f5es que os consumidores consigam reconhecer e que a f\u00e1brica consiga reproduzir de forma consistente.<\/p>\n\n\n\n<h3 id=\"what-is-the-difference-in-between-oem-and-odm-outdoor-furnishings\" class=\"wp-block-heading\">Qual \u00e9 a diferen\u00e7a entre mobili\u00e1rio de exterior OEM e ODM?<\/h3>\n\n\n\n<p class=\"wp-block-paragraph\">A produ\u00e7\u00e3o de mobili\u00e1rio de exterior OEM consiste na produ\u00e7\u00e3o de acordo com o estilo e as especifica\u00e7\u00f5es fornecidas pelo cliente, enquanto o estilo do mobili\u00e1rio de exterior ODM parte normalmente de um produto desenvolvido pelo fabricante que o comprador adapta \u00e0 sua marca, sendo que a propriedade, a exclusividade, as responsabilidades de engenharia e os ajustes permitidos s\u00e3o estabelecidos separadamente no contrato de fornecimento.<\/p>\n\n\n\n<p class=\"wp-block-paragraph\">Pe\u00e7a aos prestadores de servi\u00e7os que definam o plano propriamente dito, em vez de se basearem na sigla.<\/p>\n\n\n\n<h3 id=\"what-is-the-minimal-order-amount-for-custom-made-outdoor-patio-furnishings\" class=\"wp-block-heading\">Qual \u00e9 o valor m\u00ednimo de encomenda para mobili\u00e1rio de exterior feito \u00e0 medida?<\/h3>\n\n\n\n<p class=\"wp-block-paragraph\">O valor m\u00ednimo de encomenda para mobili\u00e1rio de jardim feito \u00e0 medida corresponde ao compromisso de produ\u00e7\u00e3o mais reduzido que um fornecedor aceita para uma encomenda, design, acabamento, material ou configura\u00e7\u00e3o espec\u00edficos; por isso, um or\u00e7amento bem elaborado tem de identificar quais s\u00e3o esses valores m\u00ednimos e se as quantidades podem ser combinadas entre as v\u00e1rias varia\u00e7\u00f5es.<\/p>\n\n\n\n<p class=\"wp-block-paragraph\">Sem essas condi\u00e7\u00f5es, n\u00e3o existe um MOQ universal vantajoso. Exija quantidades m\u00ednimas tanto para a encomenda inicial como para as encomendas subsequentes.<\/p>\n\n\n\n<h3 id=\"just-how-do-you-tailor-outside-furnishings-for-exclusive-tag-brand-names\" class=\"wp-block-heading\">Como \u00e9 que se personalizam os m\u00f3veis de exterior para marcas de luxo?<\/h3>\n\n\n\n<p class=\"wp-block-paragraph\">A personaliza\u00e7\u00e3o de mobili\u00e1rio de exterior para marcas pr\u00f3prias \u00e9 um processo de desenvolvimento que transforma as especifica\u00e7\u00f5es do cliente em ilustra\u00e7\u00f5es aprovadas, requisitos de materiais, componentes de alta qualidade, embalagem e controlos de produ\u00e7\u00e3o, incluindo amostras, testes relevantes, aprova\u00e7\u00f5es por escrito das altera\u00e7\u00f5es e condi\u00e7\u00f5es comerciais acordadas antes de o projeto final entrar na produ\u00e7\u00e3o em s\u00e9rie.<\/p>\n\n\n\n<p class=\"wp-block-paragraph\">Comece por definir o cliente, o canal de vendas, o mercado de destino, o pre\u00e7o de entrega pretendido e o volume previsto. Em seguida, selecione as alternativas que justifiquem o investimento na sua promo\u00e7\u00e3o.<\/p>\n\n\n\n<h2 id=\"transform-your-modification-short-into-a-comparable-quote\" class=\"wp-block-heading\">Transforme o seu resumo de altera\u00e7\u00f5es numa cota\u00e7\u00e3o compar\u00e1vel<\/h2>\n\n\n\n<p class=\"wp-block-paragraph\">Escolha um modelo de artigo das cole\u00e7\u00f5es dispon\u00edveis e elabore uma proposta com o seu cliente-alvo, mercado de destino, quantidade estimada, dimens\u00f5es necess\u00e1rias, sugest\u00f5es de revestimento, op\u00e7\u00f5es de estofos, dados de marca, requisitos de embalagem e prazo de entrega.<\/p>\n\n\n\n<p class=\"wp-block-paragraph\">Pe\u00e7a \u00e0 IPOCAS para confirmar a utilidade, os requisitos m\u00ednimos por vers\u00e3o, as taxas de desenvolvimento, os prazos de entrega das amostras, a disponibilidade da documenta\u00e7\u00e3o de an\u00e1lise e o apoio na obten\u00e7\u00e3o de pe\u00e7as de substitui\u00e7\u00e3o.<\/p>\n\n\n\n<p class=\"wp-block-paragraph\">A minha recomenda\u00e7\u00e3o: aprove as especifica\u00e7\u00f5es completas antes de avan\u00e7ar para a produ\u00e7\u00e3o em s\u00e9rie. A sua pr\u00f3xima encomenda dever\u00e1 corresponder ao produto que o seu cliente adquiriu.<\/p>\n\n\n\n<p class=\"wp-block-paragraph\"><\/p>","protected":false},"excerpt":{"rendered":"<p>Private label outside furniture is successful when personalization boosts client worth without developing unrestrained manufacturing expenses. This guide takes a look at materials, style possession, product packaging, and the lessons hidden in 2023&#8211; 2024 item remembers.<\/p>","protected":false},"author":1,"featured_media":1116,"comment_status":"open","ping_status":"open","sticky":false,"template":"","format":"standard","meta":{"_gspb_post_css":"","footnotes":""},"categories":[36],"tags":[267,268,272,270,269,271],"class_list":["post-1115","post","type-post","status-publish","format-standard","has-post-thumbnail","hentry","category-design-customization","tag-custom-outside-furnishings","tag-exclusive-label-outside-furniture","tag-furniture-product-packaging","tag-odm-furnishings-layout","tag-oem-furniture-production","tag-outdoor-furniture-materials"],"blocksy_meta":{"styles_descriptor":{"styles":{"desktop":"","tablet":"","mobile":""},"google_fonts":[],"version":8}},"_links":{"self":[{"href":"https:\/\/ipocasfurniture.com\/pt\/wp-json\/wp\/v2\/posts\/1115","targetHints":{"allow":["GET"]}}],"collection":[{"href":"https:\/\/ipocasfurniture.com\/pt\/wp-json\/wp\/v2\/posts"}],"about":[{"href":"https:\/\/ipocasfurniture.com\/pt\/wp-json\/wp\/v2\/types\/post"}],"author":[{"embeddable":true,"href":"https:\/\/ipocasfurniture.com\/pt\/wp-json\/wp\/v2\/users\/1"}],"replies":[{"embeddable":true,"href":"https:\/\/ipocasfurniture.com\/pt\/wp-json\/wp\/v2\/comments?post=1115"}],"version-history":[{"count":1,"href":"https:\/\/ipocasfurniture.com\/pt\/wp-json\/wp\/v2\/posts\/1115\/revisions"}],"predecessor-version":[{"id":1126,"href":"https:\/\/ipocasfurniture.com\/pt\/wp-json\/wp\/v2\/posts\/1115\/revisions\/1126"}],"wp:featuredmedia":[{"embeddable":true,"href":"https:\/\/ipocasfurniture.com\/pt\/wp-json\/wp\/v2\/media\/1116"}],"wp:attachment":[{"href":"https:\/\/ipocasfurniture.com\/pt\/wp-json\/wp\/v2\/media?parent=1115"}],"wp:term":[{"taxonomy":"category","embeddable":true,"href":"https:\/\/ipocasfurniture.com\/pt\/wp-json\/wp\/v2\/categories?post=1115"},{"taxonomy":"post_tag","embeddable":true,"href":"https:\/\/ipocasfurniture.com\/pt\/wp-json\/wp\/v2\/tags?post=1115"}],"curies":[{"name":"wp","href":"https:\/\/api.w.org\/{rel}","templated":true}]}}