{"id":1411,"date":"2026-09-04T09:39:35","date_gmt":"2026-09-04T09:39:35","guid":{"rendered":"https:\/\/ipocasfurniture.com\/?p=1411"},"modified":"2026-09-04T09:39:35","modified_gmt":"2026-09-04T09:39:35","slug":"coworking-terrace-furniture-planning-an-outdoor-workspace-range","status":"publish","type":"post","link":"https:\/\/ipocasfurniture.com\/pt\/coworking-terrace-furniture-planning-an-outdoor-workspace-range\/","title":{"rendered":"Mobili\u00e1rio para esplanadas de coworking: planeamento de uma gama de espa\u00e7os de trabalho ao ar livre"},"content":{"rendered":"<p class=\"wp-block-paragraph\">Uma varanda de coworking pode parecer um espa\u00e7o acolhedor, mas funciona mais como um espa\u00e7o de trabalho aberto, onde computadores port\u00e1teis, caf\u00e9, videochamadas, percursos de dispositivos m\u00f3veis, radia\u00e7\u00e3o ultravioleta, cargas de vento e movimentos apressados de mobili\u00e1rio se cruzam todos os dias \u00fateis.<\/p>\n\n\n\n<p class=\"wp-block-paragraph\">Por que raz\u00e3o tantos clientes continuam a descrev\u00ea-lo como o p\u00e1tio de um hotel?<\/p>\n\n\n\n<p class=\"wp-block-paragraph\">A minha opini\u00e3o sincera \u00e9 que muitos dos modelos de mobili\u00e1rio para espa\u00e7os de trabalho ao ar livre s\u00e3o concebidos de forma errada. O cliente parte dos produtos \u2014 normalmente cadeiras e sof\u00e1s apelativos \u2014 e, s\u00f3 depois, concebe os cen\u00e1rios de utiliza\u00e7\u00e3o para justificar a sua aquisi\u00e7\u00e3o. Uma gama de qualidade come\u00e7a por ter em conta os padr\u00f5es de utiliza\u00e7\u00e3o, a exposi\u00e7\u00e3o \u00e0s intemp\u00e9ries, a facilidade de manuten\u00e7\u00e3o e o n\u00famero de horas efetivas de utiliza\u00e7\u00e3o que o terra\u00e7o tem de proporcionar.<\/p>\n\n\n\n<p class=\"wp-block-paragraph\">A procura \u00e9 real. No primeiro trimestre de 2024, 35,5 milh\u00f5es de americanos trabalharam \u00e0 dist\u00e2ncia, pelo menos durante parte do tempo, o que representa 22,9% da popula\u00e7\u00e3o ativa, um aumento em rela\u00e7\u00e3o aos 19,6% registados um ano antes. Mais revelador ainda, 52,1% dos teletrabalhadores trabalharam remotamente apenas durante algumas das suas horas semanais, o que comprova que o trabalho se tornou, de facto, significativamente mais m\u00f3vel, em vez de se limitar apenas ao \u201cescrit\u00f3rio\u201d ou \u00e0 \u201ccasa\u201d.\u201d<\/p>\n\n\n\n<p class=\"wp-block-paragraph\">O mobili\u00e1rio para espa\u00e7os de trabalho ao ar livre deve apoiar essa din\u00e2mica. N\u00e3o deve limitar-se a real\u00e7\u00e1-la.<\/p>\n\n\n\n<figure class=\"wp-block-image size-full\"><img decoding=\"async\" width=\"960\" height=\"720\" src=\"https:\/\/ipocasfurniture.com\/wp-content\/uploads\/2026\/09\/Coworking-Terrace-Furniture-2.jpg\" alt=\"Mobili\u00e1rio para esplanadas de espa\u00e7os de coworking\" class=\"wp-image-1413\" title=\"\" srcset=\"https:\/\/ipocasfurniture.com\/wp-content\/uploads\/2026\/09\/Coworking-Terrace-Furniture-2.jpg 960w, https:\/\/ipocasfurniture.com\/wp-content\/uploads\/2026\/09\/Coworking-Terrace-Furniture-2-300x225.jpg 300w, https:\/\/ipocasfurniture.com\/wp-content\/uploads\/2026\/09\/Coworking-Terrace-Furniture-2-768x576.jpg 768w, https:\/\/ipocasfurniture.com\/wp-content\/uploads\/2026\/09\/Coworking-Terrace-Furniture-2-16x12.jpg 16w, https:\/\/ipocasfurniture.com\/wp-content\/uploads\/2026\/09\/Coworking-Terrace-Furniture-2-600x450.jpg 600w\" sizes=\"(max-width: 960px) 100vw, 960px\" \/><\/figure>\n\n\n\n<h2 id=\"the-terrace-has-to-earn-its-flooring-location\" class=\"wp-block-heading\">O terra\u00e7o tem de merecer o seu lugar no pavimento<\/h2>\n\n\n\n<p class=\"wp-block-paragraph\">Um espa\u00e7o de coworking ao ar livre tem quatro objetivos comerciais: atrair membros, aumentar a capacidade \u00fatil, apoiar trabalhos que n\u00e3o se adequam a espa\u00e7os fechados e diferenciar o im\u00f3vel residencial da concorr\u00eancia mais econ\u00f3mica.<\/p>\n\n\n\n<p class=\"wp-block-paragraph\">Parece simples. Mas n\u00e3o \u00e9.<\/p>\n\n\n\n<p class=\"wp-block-paragraph\">Um estudo de investiga\u00e7\u00e3o realizado em 2024, que incluiu 614 trabalhadores nos Estados Unidos e no Canad\u00e1, revelou que a temperatura, o ru\u00eddo, o mobili\u00e1rio do local de trabalho e a apar\u00eancia eram indicadores fi\u00e1veis do desempenho profissional percebido. O acesso a \u00e1reas exteriores e a servi\u00e7os tamb\u00e9m se revelou um indicador da sensa\u00e7\u00e3o de conex\u00e3o e da pr\u00e1tica de exerc\u00edcio f\u00edsico.<\/p>\n\n\n\n<p class=\"wp-block-paragraph\">Mas o acesso ao exterior n\u00e3o \u00e9 o mesmo que um local de trabalho ao ar livre. Um terra\u00e7o sem sombra que permita a leitura no ecr\u00e3, Wi-Fi seguro, mesas com alturas adequadas, tomadas el\u00e9tricas e assentos confort\u00e1veis \u00e9 uma \u00e1rea de descanso. Chamar-lhe \u00abcoworking\u00bb n\u00e3o altera a fun\u00e7\u00e3o do mobili\u00e1rio.<\/p>\n\n\n\n<p class=\"wp-block-paragraph\">Consequentemente, definiria o sucesso com base em cinco indicadores mensur\u00e1veis:<\/p>\n\n\n\n<ul class=\"wp-block-list\">\n<li>Lugares dispon\u00edveis durante todo o hor\u00e1rio normal de funcionamento<\/li>\n\n\n\n<li>Horas-assento semanais eficientes<\/li>\n\n\n\n<li>Arrendamentos t\u00edpicos por \u00e1rea<\/li>\n\n\n\n<li>Hor\u00e1rio de encerramento devido a condi\u00e7\u00f5es meteorol\u00f3gicas<\/li>\n\n\n\n<li>Custo de manuten\u00e7\u00e3o por posto de trabalho ativo<\/li>\n<\/ul>\n\n\n\n<p class=\"wp-block-paragraph\">Um terra\u00e7o com capacidade para 40 pessoas acaba por ficar inutiliz\u00e1vel ap\u00f3s uma chuva fraca, ao meio-dia ou sempre que as baterias dos port\u00e1teis descem abaixo dos 20% n\u00e3o disp\u00f5e de 40 lugares de trabalho. Disp\u00f5e de material publicit\u00e1rio e de marketing.<\/p>\n\n\n\n<h2 id=\"strategy-work-modes-prior-to-selecting-products\" class=\"wp-block-heading\">Modos de trabalho estrat\u00e9gicos antes da sele\u00e7\u00e3o de produtos<\/h2>\n\n\n\n<p class=\"wp-block-paragraph\">Come\u00e7a por agir.<\/p>\n\n\n\n<p class=\"wp-block-paragraph\">A maioria dos terra\u00e7os de coworking requer cinco modos distintos: trabalho privado no port\u00e1til, conversa entre duas pessoas, colabora\u00e7\u00e3o em pequenas equipas, sess\u00f5es curtas de trabalho e relaxamento aut\u00eantico. Cada um deles requer uma combina\u00e7\u00e3o diferente de postura, privacidade, altura da mesa, cor e tempo de perman\u00eancia.<\/p>\n\n\n\n<p class=\"wp-block-paragraph\">No caso de um modelo de prepara\u00e7\u00e3o para 100 lugares, come\u00e7aria pela seguinte distribui\u00e7\u00e3o e, posteriormente, ajust\u00e1-la-ia com base em entrevistas aos membros, dados sobre acessibilidade, registos meteorol\u00f3gicos e um estudo piloto no terreno:<\/p>\n\n\n\n<figure class=\"wp-block-table\"><table class=\"has-fixed-layout\"><thead><tr><th>Ambiente de trabalho<\/th><th>A\u00e7\u00e3o inicial<\/th><th>Necessidade de mobili\u00e1rio<\/th><th>Sess\u00e3o t\u00edpica<\/th><th>Aviso sobre a compra<\/th><\/tr><\/thead><tbody><tr><td>\u00canfase privada<\/td><td>30 lugares<\/td><td>Cadeira ergon\u00f3mica, mesa com altura entre 720 e 760 mm, cor \u00e0 escolha<\/td><td>45\u2013180 minutos<\/td><td>As poltronas n\u00e3o s\u00e3o cadeiras de trabalho<\/td><\/tr><tr><td>Reuni\u00e3o entre duas pessoas<\/td><td>24 lugares<\/td><td>Mesinha, cadeiras m\u00f3veis, isolamento ac\u00fastico moderado<\/td><td>20\u201360 minutos<\/td><td>As mesinhas das cafetarias ficam pequenas assim que aparecem dois port\u00e1teis<\/td><\/tr><tr><td>Colabora\u00e7\u00e3o em grupo<\/td><td>20 lugares<\/td><td>Mesa para quatro a seis pessoas ou assentos modulares<\/td><td>30\u2013120 minutos<\/td><td>Evite layouts fixos que impe\u00e7am a reconfigura\u00e7\u00e3o<\/td><\/tr><tr><td>Colabora\u00e7\u00e3o flex\u00edvel<\/td><td>16 lugares<\/td><td>Sof\u00e1, poltronas, \u00e1rea de trabalho dispon\u00edvel<\/td><td>20\u201390 minutos<\/td><td>Os assentos profundos reduzem a facilidade de utiliza\u00e7\u00e3o do computador port\u00e1til<\/td><\/tr><tr><td>Trabalho de touchdown<\/td><td>10 lugares<\/td><td>Superf\u00edcie com altura de balc\u00e3o, bancos altos, acesso a pontos de carregamento<\/td><td>10 \u2013 meia hora<\/td><td>Os assentos altos n\u00e3o devem tornar-se a \u00fanica alternativa dispon\u00edvel<\/td><\/tr><\/tbody><\/table><\/figure>\n\n\n\n<p class=\"wp-block-paragraph\">A acessibilidade deve ser integrada em todos estes ambientes, n\u00e3o relegada a um canto simb\u00f3lico. Alguns utilizadores de dispositivos de mobilidade necessitam de posi\u00e7\u00f5es tradicionais \u00e0 altura de uma mesa; outros utilizadores necessitam de apoios para se levantarem com ajuda, almofadas mais firmes, menor brilho ou um percurso muito mais curto at\u00e9 \u00e0 porta.<\/p>\n\n\n\n<p class=\"wp-block-paragraph\">E a recupera\u00e7\u00e3o \u00e9 importante.<\/p>\n\n\n\n<p class=\"wp-block-paragraph\">A&nbsp;<a href=\"https:\/\/ipocasfurniture.com\/pt\/mesh-sling-sun-lounger-for-outdoor-furniture-procurement\/\">espregui\u00e7adeira com rede de malha para compra de mobili\u00e1rio de exterior<\/a>&nbsp;pode ser perfeitamente adequado numa zona de descompress\u00e3o; no entanto, apresent\u00e1-lo como mobili\u00e1rio de exterior ergon\u00f3mico para escrit\u00f3rio \u00e9 uma aposta ousada no mercado retalhista. Exatamente a mesma distin\u00e7\u00e3o aplica-se a um&nbsp;<a href=\"https:\/\/ipocasfurniture.com\/pt\/woven-base-cushioned-patio-sun-lounger-for-trade-sourcing\/\">espregui\u00e7adeira de exterior para p\u00e1tio com base em tecido<\/a>: \u00fatil para descansar, mas n\u00e3o \u00e9 o ideal para uma sess\u00e3o de 90 minutos a trabalhar numa folha de c\u00e1lculo.<\/p>\n\n\n\n<figure class=\"wp-block-image size-full\"><img decoding=\"async\" width=\"960\" height=\"720\" src=\"https:\/\/ipocasfurniture.com\/wp-content\/uploads\/2026\/09\/Coworking-Terrace-Furniture-1.jpg\" alt=\"Mobili\u00e1rio para esplanadas de espa\u00e7os de coworking\" class=\"wp-image-1412\" title=\"\" srcset=\"https:\/\/ipocasfurniture.com\/wp-content\/uploads\/2026\/09\/Coworking-Terrace-Furniture-1.jpg 960w, https:\/\/ipocasfurniture.com\/wp-content\/uploads\/2026\/09\/Coworking-Terrace-Furniture-1-300x225.jpg 300w, https:\/\/ipocasfurniture.com\/wp-content\/uploads\/2026\/09\/Coworking-Terrace-Furniture-1-768x576.jpg 768w, https:\/\/ipocasfurniture.com\/wp-content\/uploads\/2026\/09\/Coworking-Terrace-Furniture-1-16x12.jpg 16w, https:\/\/ipocasfurniture.com\/wp-content\/uploads\/2026\/09\/Coworking-Terrace-Furniture-1-600x450.jpg 600w\" sizes=\"(max-width: 960px) 100vw, 960px\" \/><\/figure>\n\n\n\n<h2 id=\"construct-a-variety-not-a-furnishings-catalogue\" class=\"wp-block-heading\">Crie uma cole\u00e7\u00e3o, n\u00e3o um cat\u00e1logo de mobili\u00e1rio<\/h2>\n\n\n\n<p class=\"wp-block-paragraph\">Um n\u00famero muito maior de SKUs gera mais problemas.<\/p>\n\n\n\n<p class=\"wp-block-paragraph\">Uma gama de mobili\u00e1rio para \u00e1reas de coworking controladas poderia incluir 12 a 18 SKUs principais, dois acabamentos para a estrutura, tr\u00eas cores de tecido, uma fam\u00edlia de parafusos e um n\u00famero limitado de tamanhos de estofos; esta estrutura reduz a fragmenta\u00e7\u00e3o das pe\u00e7as sobressalentes, ao mesmo tempo que proporciona aos designers material suficiente para criar espa\u00e7os distintos.<\/p>\n\n\n\n<p class=\"wp-block-paragraph\">Ser\u00e1 que os compradores precisam mesmo de sete cadeir\u00f5es praticamente iguais?<\/p>\n\n\n\n<p class=\"wp-block-paragraph\">Prefiro um estilo variado, com um artigo principal para cada contexto profissional e um pequeno n\u00famero de artigos de apoio. A&nbsp;<a href=\"https:\/\/ipocasfurniture.com\/pt\/cord-style-cushioned-lounge-armchair-wholesale-sourcing\/\">poltrona de descanso almofadada com design em cord\u00e3o para aquisi\u00e7\u00e3o por grosso<\/a>&nbsp;pode abranger a leitura individual e a conversa informal, enquanto um&nbsp;<a href=\"https:\/\/ipocasfurniture.com\/pt\/outdoor-sectional-sofa-with-tubular-frame-for-bulk-sourcing\/\">sof\u00e1 seccional de exterior com estrutura tubular para compra em grandes quantidades<\/a>&nbsp;pode servir de base para contextos de grupo modulares.<\/p>\n\n\n\n<p class=\"wp-block-paragraph\">Essa combina\u00e7\u00e3o faz sentido, uma vez que os produtos desempenham fun\u00e7\u00f5es diferentes. Incluir mais tr\u00eas modelos de poltronas apenas para preencher uma p\u00e1gina do folheto imobiliza o stock e complica as encomendas de reposi\u00e7\u00e3o.<\/p>\n\n\n\n<p class=\"wp-block-paragraph\">Uma matriz sensata deve ter as seguintes caracter\u00edsticas:<\/p>\n\n\n\n<ul class=\"wp-block-list\">\n<li>P\u00e9s, patins e elementos de fixa\u00e7\u00e3o substitu\u00edveis<\/li>\n\n\n\n<li>Medidas t\u00edpicas das almofadas, sempre que poss\u00edvel<\/li>\n\n\n\n<li>C\u00f3digos comuns para tecidos e superf\u00edcies<\/li>\n\n\n\n<li>Correias ou capas de estofo substitu\u00edveis no local<\/li>\n\n\n\n<li>Componentes empilh\u00e1veis ou encaix\u00e1veis<\/li>\n\n\n\n<li>Embalagens de produtos com dimens\u00f5es adequadas \u00e0 acessibilidade em elevadores, portas e sistemas de cobertura<\/li>\n\n\n\n<li>N\u00fameros de refer\u00eancia claros para estruturas, tampas, inser\u00e7\u00f5es e equipamento<\/li>\n<\/ul>\n\n\n\n<p class=\"wp-block-paragraph\">Os componentes menos vistosos s\u00e3o muito importantes. Seis anos ap\u00f3s a instala\u00e7\u00e3o, o comprador estar\u00e1 muito mais interessado em adquirir uma rampa de substitui\u00e7\u00e3o do que em lembrar-se do nome po\u00e9tico com que a cole\u00e7\u00e3o foi lan\u00e7ada.<\/p>\n\n\n\n<h2 id=\"define-weatherproof-office-furnishings-specifically\" class=\"wp-block-heading\">Definir especificamente o mobili\u00e1rio de escrit\u00f3rio resistente \u00e0s intemp\u00e9ries<\/h2>\n\n\n\n<p class=\"wp-block-paragraph\">\u201cA express\u00e3o \u201dresistente \u00e0s intemp\u00e9ries\u00bb n\u00e3o significa praticamente nada sem uma metodologia de ensaio, uma classe de exposi\u00e7\u00e3o, um per\u00edodo de exposi\u00e7\u00e3o e um crit\u00e9rio de aprova\u00e7\u00e3o.<\/p>\n\n\n\n<p class=\"wp-block-paragraph\">No caso de estruturas de a\u00e7o, verifique se os requisitos especificam alum\u00ednio 6063-T5 ou 6061-T6, a\u00e7o inoxid\u00e1vel AISI 304 ou a\u00e7o inoxid\u00e1vel AISI 316. Nas zonas costeiras, os i\u00f5es de cloreto (Cl\u2212) presentes no ar podem revelar as fraquezas dos elementos de fixa\u00e7\u00e3o de baixa qualidade e dos revestimentos mal preparados. Uma estrutura de alta qualidade acompanhada de parafusos econ\u00f3micos continua a ser uma solu\u00e7\u00e3o de montagem econ\u00f3mica.<\/p>\n\n\n\n<p class=\"wp-block-paragraph\">No que diz respeito aos tecidos, s\u00e3o necess\u00e1rias provas relativas \u00e0 exposi\u00e7\u00e3o direta aos raios UV, \u00e0 solidez da cor, \u00e0 resist\u00eancia das costuras, \u00e0 absor\u00e7\u00e3o de \u00e1gua, ao tempo de secagem, \u00e0 resist\u00eancia ao bolor e \u00e0 compatibilidade com produtos qu\u00edmicos de limpeza. Os acr\u00edlicos e olefinas tingidos na massa podem apresentar bons resultados; no entanto, as denomina\u00e7\u00f5es das fibras, por si s\u00f3, n\u00e3o comprovam o desempenho do tecido.<\/p>\n\n\n\n<p class=\"wp-block-paragraph\">No que diz respeito a cadeiras e mesas, as normas EN 581-1, EN 581-2 e EN 581-3 fornecem orienta\u00e7\u00f5es \u00fateis sobre a seguran\u00e7a e o desempenho mec\u00e2nico do mobili\u00e1rio de exterior. A norma ANSI\/BIFMA X5.1 pode indicar a resist\u00eancia das cadeiras de escrit\u00f3rio, embora a aprova\u00e7\u00e3o num ensaio de cadeiras de escrit\u00f3rio para uso interior n\u00e3o garanta resist\u00eancia \u00e0 chuva, \u00e0 exposi\u00e7\u00e3o direta aos raios ultravioleta, \u00e0 corros\u00e3o ou aos ciclos de congelamento e descongelamento.<\/p>\n\n\n\n<p class=\"wp-block-paragraph\">O \u00abCheap\u00bb deixou de funcionar duas vezes.<\/p>\n\n\n\n<p class=\"wp-block-paragraph\">Em setembro de 2023, a Comiss\u00e3o de Seguran\u00e7a dos Produtos de Consumo dos Estados Unidos procedeu \u00e0 recolha de cerca de 11 000 conjuntos de cadeiras de bistr\u00f4 dobr\u00e1veis das marcas Panama Jack e Residence &amp; Garden, na sequ\u00eancia de 7 relatos de estruturas que se partiram ou ca\u00edram, incluindo quatro ferimentos ligeiros; os conjuntos tinham custado entre $150 e $200. Um outro recall, em dezembro de 2023, abrangeu cerca de 29 000 cadeiras de restaurante em madeira e corda devido a um risco adicional de colapso.<\/p>\n\n\n\n<p class=\"wp-block-paragraph\">Esses eram artigos de clientes, mas a li\u00e7\u00e3o em mat\u00e9ria de aquisi\u00e7\u00e3o \u00e9 de natureza comercial: a avalia\u00e7\u00e3o est\u00e9tica n\u00e3o equivale \u00e0 valida\u00e7\u00e3o estrutural. Os registos dos ensaios de resist\u00eancia devem estar associados ao projeto cotado, ao centro de produ\u00e7\u00e3o, aos materiais e \u00e0 constru\u00e7\u00e3o atual \u2014 e n\u00e3o a uma certifica\u00e7\u00e3o gen\u00e9rica que inclua outro c\u00f3digo de produto.<\/p>\n\n\n\n<h2 id=\"functional-designs-outdoors-is-a-system-trouble\" class=\"wp-block-heading\">Designs funcionais em espa\u00e7os exteriores: um problema do sistema<\/h2>\n\n\n\n<p class=\"wp-block-paragraph\">Uma cadeira n\u00e3o resolve o problema do brilho.<\/p>\n\n\n\n<p class=\"wp-block-paragraph\">O mobili\u00e1rio ergon\u00f3mico para o local de trabalho depende do contexto global: geometria do assento, altura da mesa, \u00e2ngulo de ilumina\u00e7\u00e3o, temperatura, exposi\u00e7\u00e3o ao ecr\u00e3, problemas ac\u00fasticos, \u00e1rea de alimenta\u00e7\u00e3o, varia\u00e7\u00e3o de posi\u00e7\u00e3o e a capacidade de se deslocar dentro de casa quando as condi\u00e7\u00f5es se deterioram.<\/p>\n\n\n\n<p class=\"wp-block-paragraph\">O estudo piloto de investiga\u00e7\u00e3o \u201cExterior Workplace\u201d de 2023 funcionou precisamente porque era de pequena escala e incompleto. Dezasseis participantes trabalharam ao ar livre durante meia hora num p\u00e1tio universit\u00e1rio equipado com Wi-Fi, cabos el\u00e9tricos, um aquecedor de infravermelhos e uma cadeira concebida especificamente para o efeito; os participantes relataram experi\u00eancias positivas, mas os cientistas n\u00e3o afirmaram que um teste de curta dura\u00e7\u00e3o e em pequena escala comprovasse um ganho global de produtividade.<\/p>\n\n\n\n<p class=\"wp-block-paragraph\">Essa modera\u00e7\u00e3o \u00e9 importante. Os fornecedores transformam frequentemente a afirma\u00e7\u00e3o \u201cas pessoas ficam satisfeitas com meia hora ao ar livre\u201d em \u201co trabalho ao ar livre aumenta a efici\u00eancia\u201d. Os dados n\u00e3o corroboram uma afirma\u00e7\u00e3o de vendas t\u00e3o simplista.<\/p>\n\n\n\n<p class=\"wp-block-paragraph\">Em vez disso, teste o intervalo sugerido com tarefas reais:<\/p>\n\n\n\n<ul class=\"wp-block-list\">\n<li>Meia hora a ver e-mails num port\u00e1til de 13 polegadas<\/li>\n\n\n\n<li>Uma chamada de v\u00eddeo de 45 minutos com auscultadores<\/li>\n\n\n\n<li>Uma sess\u00e3o de 90 minutos sobre folhas de c\u00e1lculo<\/li>\n\n\n\n<li>Uma reuni\u00e3o de quatro pessoas com computadores port\u00e1teis e bebidas<\/li>\n\n\n\n<li>Atividade entre o sol e a cor, sem ajuda de terceiros<\/li>\n\n\n\n<li>Limpeza e reabertura ap\u00f3s chuvas durante a noite<\/li>\n<\/ul>\n\n\n\n<p class=\"wp-block-paragraph\">Tenha em aten\u00e7\u00e3o as m\u00e3os e os ombros. Se os utilizadores tiverem de segurar os ecr\u00e3s para evitar o brilho, equilibrar os port\u00e1teis em almofadas, inclinarem-se para a frente sem apoio para as costas ou ocuparem as mesas de jantar porque as mesas de sala est\u00e3o demasiado baixas, significa que o design ficou aqu\u00e9m do esperado.<\/p>\n\n\n\n<h2 id=\"shade-warmth-wind-power-and-sound-choose-usability\" class=\"wp-block-heading\">Sombra, calor, vento, energia e som: opte pela usabilidade<\/h2>\n\n\n\n<p class=\"wp-block-paragraph\">A condi\u00e7\u00e3o meteorol\u00f3gica est\u00e1 a funcionar.<\/p>\n\n\n\n<p class=\"wp-block-paragraph\">As an\u00e1lises das condi\u00e7\u00f5es meteorol\u00f3gicas realizadas pelas autoridades t\u00eam em conta a sombra, enquanto a luz solar direta pode aumentar o \u00cdndice de Calor aparente em at\u00e9 13,5 \u00b0F, ou 7,5 \u00b0C; as superf\u00edcies dos telhados e a obstru\u00e7\u00e3o do fluxo de ar podem agravar os problemas locais, raz\u00e3o pela qual a OSHA recomenda m\u00e9todos de avalia\u00e7\u00e3o no local, como a temperatura da l\u00e2mpada h\u00famida, nos casos em que a exposi\u00e7\u00e3o ao calor \u00e9 relevante.<\/p>\n\n\n\n<p class=\"wp-block-paragraph\">Por isso, defina a cor ajust\u00e1vel em fun\u00e7\u00e3o da hora do dia, e n\u00e3o apenas com base na prote\u00e7\u00e3o vista em planta ao meio-dia. Analise o terra\u00e7o \u00e0s 09:00, 12:00 e 16:00 durante os meses de maior aflu\u00eancia. Um toldo que proteja a mesa, mas deixe o trabalhador e o computador port\u00e1til expostos ao sol direto, \u00e9 apenas um elemento decorativo.<\/p>\n\n\n\n<p class=\"wp-block-paragraph\">O vento exige uma sinceridade equivalente. N\u00e3o aceite a habitual afirma\u00e7\u00e3o de um distribuidor de que o produto \u00e9 \u201cresistente ao vento\u201d. Obtenha os dados relativos \u00e0 configura\u00e7\u00e3o testada, ao peso de lastro, \u00e0 disposi\u00e7\u00e3o da cobertura, \u00e0 velocidade do vento, \u00e0 t\u00e9cnica de fixa\u00e7\u00e3o e ao procedimento de desativa\u00e7\u00e3o; depois, pe\u00e7a \u00e0 equipa de constru\u00e7\u00e3o para comparar esses valores com a situa\u00e7\u00e3o real do telhado.<\/p>\n\n\n\n<p class=\"wp-block-paragraph\">A instala\u00e7\u00e3o el\u00e9trica deve ser executada com profissionalismo. Dependendo da exposi\u00e7\u00e3o e da jurisdi\u00e7\u00e3o, as tomadas podem necessitar de classifica\u00e7\u00e3o IP54, IP65, prote\u00e7\u00e3o contra falhas de liga\u00e7\u00e3o \u00e0 terra, coberturas resistentes \u00e0s intemp\u00e9ries e cabos blindados. Cabos de extens\u00e3o soltos que atravessam vias de circula\u00e7\u00e3o n\u00e3o constituem uma estrat\u00e9gia adequada para \u00e1reas de trabalho exteriores.<\/p>\n\n\n\n<p class=\"wp-block-paragraph\">Al\u00e9m disso, o ru\u00eddo tamb\u00e9m varia no exterior. As fachadas r\u00edgidas refletem a voz, os equipamentos mec\u00e2nicos geram sons constantes de baixa frequ\u00eancia e uma chamada de v\u00eddeo pode propagar-se mais longe do que o previsto. Recorra a vasos de plantas, pain\u00e9is absorventes adequados para o exterior, espa\u00e7amento e divis\u00e3o por zonas de comportamento antes de adquirir capas inovadoras para telem\u00f3veis.<\/p>\n\n\n\n<h2 id=\"accessibility-is-a-design-restraint-not-an-accessory\" class=\"wp-block-heading\">A acessibilidade \u00e9 uma restri\u00e7\u00e3o de design, n\u00e3o um elemento acess\u00f3rio<\/h2>\n\n\n\n<p class=\"wp-block-paragraph\">Medidas a tomar antes da aquisi\u00e7\u00e3o.<\/p>\n\n\n\n<p class=\"wp-block-paragraph\">As orienta\u00e7\u00f5es de acessibilidade dos EUA especificam uma largura livre cont\u00ednua m\u00ednima de 36 polegadas para percursos acess\u00edveis, com redu\u00e7\u00f5es restritas apenas para 32 polegadas, enquanto condi\u00e7\u00f5es espec\u00edficas de adapta\u00e7\u00e3o exigem larguras livres de 42, 48 ou 60 polegadas. As superf\u00edcies devem permanecer s\u00f3lidas, est\u00e1veis e antiderrapantes.<\/p>\n\n\n\n<p class=\"wp-block-paragraph\">A legisla\u00e7\u00e3o local pode variar, pelo que o arquiteto do projeto ou o especialista em acessibilidade devem verificar os requisitos aplic\u00e1veis. No entanto, esses n\u00fameros revelam por que raz\u00e3o um projeto de mobili\u00e1rio n\u00e3o pode ser aprovado com base apenas em marcas de produtos isoladas.<\/p>\n\n\n\n<p class=\"wp-block-paragraph\">As cadeiras m\u00f3veis mudam de lugar. Aparecem sacos. Os m\u00f3dulos de sof\u00e1 v\u00e3o ocupando os percursos. Os vasos de plantas tornam-se divis\u00f3rias n\u00e3o oficiais. Uma ilustra\u00e7\u00e3o flex\u00edvel pode transformar-se numa varanda inacess\u00edvel \u00e0 hora do almo\u00e7o, a menos que a disposi\u00e7\u00e3o operacional esteja preparada para o movimento.<\/p>\n\n\n\n<p class=\"wp-block-paragraph\">Defina poltronas com e sem bra\u00e7os, mesas que permitam um espa\u00e7o ideal para os joelhos, alternativas de assentos firmes, pe\u00e7as m\u00f3veis que exijam pouco esfor\u00e7o, superf\u00edcies de circula\u00e7\u00e3o est\u00e1veis e espa\u00e7o para virar em becos sem sa\u00edda. Em seguida, inspecione a disposi\u00e7\u00e3o do terra\u00e7o quando estiver ocupado \u2013 n\u00e3o \u00e0s 06:00, antes da chegada dos membros.<\/p>\n\n\n\n<figure class=\"wp-block-image size-full\"><img decoding=\"async\" width=\"960\" height=\"720\" src=\"https:\/\/ipocasfurniture.com\/wp-content\/uploads\/2026\/09\/Coworking-Terrace-Furniture-3.jpg\" alt=\"Mobili\u00e1rio para esplanadas de espa\u00e7os de coworking\" class=\"wp-image-1414\" title=\"\" srcset=\"https:\/\/ipocasfurniture.com\/wp-content\/uploads\/2026\/09\/Coworking-Terrace-Furniture-3.jpg 960w, https:\/\/ipocasfurniture.com\/wp-content\/uploads\/2026\/09\/Coworking-Terrace-Furniture-3-300x225.jpg 300w, https:\/\/ipocasfurniture.com\/wp-content\/uploads\/2026\/09\/Coworking-Terrace-Furniture-3-768x576.jpg 768w, https:\/\/ipocasfurniture.com\/wp-content\/uploads\/2026\/09\/Coworking-Terrace-Furniture-3-16x12.jpg 16w, https:\/\/ipocasfurniture.com\/wp-content\/uploads\/2026\/09\/Coworking-Terrace-Furniture-3-600x450.jpg 600w\" sizes=\"(max-width: 960px) 100vw, 960px\" \/><\/figure>\n\n\n\n<h2 id=\"storage-identifies-whether-the-range-makes-it-through\" class=\"wp-block-heading\">O armazenamento determina se o intervalo \u00e9 v\u00e1lido<\/h2>\n\n\n\n<p class=\"wp-block-paragraph\">O espa\u00e7o de armazenamento consiste em instala\u00e7\u00f5es.<\/p>\n\n\n\n<p class=\"wp-block-paragraph\">Almofadas, capas, guarda-s\u00f3is, dispositivos de carregamento port\u00e1til, kits de limpeza, patins sobressalentes, correias de substitui\u00e7\u00e3o e equipamentos sazonais requerem um espa\u00e7o seco e controlado junto ao terra\u00e7o. Na aus\u00eancia desse espa\u00e7o, os funcion\u00e1rios ou deixam os artigos \u00e0 vista ou t\u00eam de os transportar juntamente com a estrutura, e ambas as op\u00e7\u00f5es aumentam os custos com m\u00e3o-de-obra.<\/p>\n\n\n\n<p class=\"wp-block-paragraph\">A&nbsp;<a href=\"https:\/\/ipocasfurniture.com\/pt\/gable-roof-garden-storage-shed-for-wholesale-procurement\/\">Arrecada\u00e7\u00e3o com telhado de duas \u00e1guas para compra por grosso<\/a>&nbsp;pode apoiar a estrat\u00e9gia operacional, desde que a carga no telhado, a fixa\u00e7\u00e3o contra o vento, as normas de seguran\u00e7a contra inc\u00eandios, o escoamento, o acesso e os requisitos est\u00e9ticos o permitam. A especifica\u00e7\u00e3o essencial n\u00e3o se resume apenas \u00e0 capacidade c\u00fabica. Trata-se da capacidade \u00fatil ap\u00f3s terem sido tidos em conta as prateleiras, a folga das portas, a ventila\u00e7\u00e3o e o espa\u00e7o necess\u00e1rio para o manuseamento seguro.<\/p>\n\n\n\n<p class=\"wp-block-paragraph\">Certamente que associaria cada pe\u00e7a m\u00f3vel a um local de armazenamento antes de aprovar a encomenda. Se a estrat\u00e9gia falhar no ponto em que 40 almofadas molhadas devem estar no local \u00e0s 17h00, isso significa que o projeto n\u00e3o resolveu a quest\u00e3o da exposi\u00e7\u00e3o \u00e0s condi\u00e7\u00f5es meteorol\u00f3gicas.<\/p>\n\n\n\n<h2 id=\"purchase-on-price-per-usable-seat-hour\" class=\"wp-block-heading\">Compra com base no pre\u00e7o por hora de utiliza\u00e7\u00e3o por lugar<\/h2>\n\n\n\n<p class=\"wp-block-paragraph\">O custo do dispositivo induz em erro.<\/p>\n\n\n\n<p class=\"wp-block-paragraph\">Considere um exemplo pr\u00e1tico: uma cadeira $450 com uma vida \u00fatil de 3 anos custa $150 por ano de servi\u00e7o antes da manuten\u00e7\u00e3o, enquanto uma cadeira $700 com uma vida \u00fatil de sete anos custa $100 por ano de servi\u00e7o. Se a cadeira mais barata tamb\u00e9m necessitar de uma almofada de substitui\u00e7\u00e3o de $90 e de m\u00e3o-de-obra ainda mais frequente, a poupan\u00e7a inicial desaparece rapidamente.<\/p>\n\n\n\n<p class=\"wp-block-paragraph\">Utilize esta f\u00f3rmula:<\/p>\n\n\n\n<p class=\"wp-block-paragraph\"><strong>Custo por hora-lugar funcional = custo total do ciclo de vida \u00f7 horas-lugar ocupadas produtivas<\/strong><\/p>\n\n\n\n<p class=\"wp-block-paragraph\">O custo total do ciclo de vida deve incluir o custo de aquisi\u00e7\u00e3o, os produtos, as obriga\u00e7\u00f5es, a instala\u00e7\u00e3o, as coberturas, a m\u00e3o-de-obra de limpeza, o espa\u00e7o de armazenamento, os t\u00eaxteis de substitui\u00e7\u00e3o, as pe\u00e7as sobressalentes, os acess\u00f3rios, o manuseamento sazonal e a elimina\u00e7\u00e3o. As horas de utiliza\u00e7\u00e3o efetiva dos assentos devem excluir os encerramentos devido \u00e0 chuva, os per\u00edodos de calor extremo, o tempo de inatividade para manuten\u00e7\u00e3o e os assentos que os participantes evitam utilizar.<\/p>\n\n\n\n<p class=\"wp-block-paragraph\">Convite aos fornecedores para a apresenta\u00e7\u00e3o de propostas:<\/p>\n\n\n\n<ul class=\"wp-block-list\">\n<li>Pre\u00e7os \u00e0 sa\u00edda da f\u00e1brica e pre\u00e7os no destino<\/li>\n\n\n\n<li>Valores m\u00ednimos de encomenda<\/li>\n\n\n\n<li>Prazos de produ\u00e7\u00e3o e reabastecimento<\/li>\n\n\n\n<li>Condi\u00e7\u00f5es da garantia comercial<\/li>\n\n\n\n<li>Pre\u00e7os das pe\u00e7as sobressalentes e prazos de disponibilidade<\/li>\n\n\n\n<li>Gest\u00e3o de lotes de tecidos e revestimentos<\/li>\n\n\n\n<li>Dimens\u00f5es e pesos das embalagens dos produtos<\/li>\n\n\n\n<li>Identificadores de relat\u00f3rios de ensaio<\/li>\n\n\n\n<li>Instru\u00e7\u00f5es de repara\u00e7\u00e3o<\/li>\n\n\n\n<li>Informa\u00e7\u00f5es sobre o material no fim da vida \u00fatil<\/li>\n<\/ul>\n\n\n\n<p class=\"wp-block-paragraph\">E guarde amostras. Uma amostra dourada assinada, um peda\u00e7o de superf\u00edcie aprovado, um recorte de tecido e uma lista de produtos datada oferecem aos grupos de compras algo concreto para verificar quando as entregas posteriores n\u00e3o corresponderem \u00e0s expectativas.<\/p>\n\n\n\n<h2 id=\"frequently-asked-inquiries\" class=\"wp-block-heading\">Perguntas Frequentes<\/h2>\n\n\n\n<h3 id=\"what-is-exterior-workplace-furniture\" class=\"wp-block-heading\">O que \u00e9 o mobili\u00e1rio de exterior para locais de trabalho?<\/h3>\n\n\n\n<p class=\"wp-block-paragraph\">O mobili\u00e1rio de escrit\u00f3rio para exteriores \u00e9 uma cole\u00e7\u00e3o de qualidade comercial composta por secret\u00e1rias, cadeiras de trabalho, mesas de confer\u00eancia, mobili\u00e1rio de estar, elementos de sombra, acess\u00f3rios de alimenta\u00e7\u00e3o el\u00e9trica e solu\u00e7\u00f5es de arruma\u00e7\u00e3o, concebida para apoiar o trabalho concentrado ou colaborativo, resistindo \u00e0 exposi\u00e7\u00e3o aos raios UV, \u00e0 humidade, \u00e0s oscila\u00e7\u00f5es de temperatura, ao vento, aos produtos qu\u00edmicos de limpeza e \u00e0 utiliza\u00e7\u00e3o p\u00fablica constante.<\/p>\n\n\n\n<p class=\"wp-block-paragraph\">Ao contr\u00e1rio do mobili\u00e1rio comum para p\u00e1tios, este deve conciliar o conforto no local de trabalho com a resist\u00eancia ao ar livre. As melhores gamas tamb\u00e9m permitem repara\u00e7\u00f5es, substitui\u00e7\u00e3o de componentes, formatos de f\u00e1cil acesso e encomendas repetidas em v\u00e1rias \u00e1reas de coworking.<\/p>\n\n\n\n<h3 id=\"what-is-the-most-effective-furnishings-for-outdoor-coworking-areas\" class=\"wp-block-heading\">Qual \u00e9 o mobili\u00e1rio mais adequado para \u00e1reas de coworking ao ar livre?<\/h3>\n\n\n\n<p class=\"wp-block-paragraph\">O mobili\u00e1rio mais eficaz para \u00e1reas de coworking ao ar livre \u00e9 aquele de qualidade profissional, repar\u00e1vel e ergonomicamente fi\u00e1vel, adaptado \u00e0s condi\u00e7\u00f5es do ambiente exterior: mesas de trabalho est\u00e1veis, cadeiras confort\u00e1veis, assentos modulares para colabora\u00e7\u00e3o, tomadas protegidas, cores personaliz\u00e1veis e arm\u00e1rios com fechadura, tudo acompanhado por relat\u00f3rios de testes, disponibilidade de pe\u00e7as sobressalentes, instru\u00e7\u00f5es de limpeza e uma garantia comercial por escrito.<\/p>\n\n\n\n<p class=\"wp-block-paragraph\">N\u00e3o existe um produto universal que seja a solu\u00e7\u00e3o ideal para todos os casos. Um p\u00e1tio urbano protegido, um terra\u00e7o com piscina clorada e um telhado exposto ao sal imp\u00f5em requisitos extremamente diversos em termos de revestimentos, t\u00eaxteis, fixadores, lastro e manuten\u00e7\u00e3o.<\/p>\n\n\n\n<h3 id=\"just-how-do-you-prepare-an-outside-work-area\" class=\"wp-block-heading\">Como \u00e9 que se prepara uma \u00e1rea de trabalho ao ar livre?<\/h3>\n\n\n\n<p class=\"wp-block-paragraph\">Para planear uma \u00e1rea de trabalho ao ar livre, traduza os h\u00e1bitos previstos em zonas, quantifique os lugares sentados e o fluxo de pessoas, identifique a incid\u00eancia da luz solar, o vento, o escoamento de \u00e1guas, o ru\u00eddo, o Wi-Fi e a alimenta\u00e7\u00e3o el\u00e9trica; em seguida, especifique o mobili\u00e1rio tendo em conta a exposi\u00e7\u00e3o direta e os requisitos de acesso, antes de testar artigos em tamanho real e realizar um per\u00edodo experimental de quatro a oito semanas com registos de utiliza\u00e7\u00e3o e manuten\u00e7\u00e3o.<\/p>\n\n\n\n<p class=\"wp-block-paragraph\">Registe a ocupa\u00e7\u00e3o por hora e por tipo de atividade. As entrevistas aos participantes s\u00e3o \u00fateis, mas as a\u00e7\u00f5es observadas \u2014 deslocar cadeiras, abandonar mesas bem iluminadas, procurar tomadas el\u00e9tricas \u2014 revelam normalmente as falhas de conce\u00e7\u00e3o mais rapidamente do que os inqu\u00e9ritos de satisfa\u00e7\u00e3o.<\/p>\n\n\n\n<h3 id=\"is-residential-outdoor-patio-furniture-appropriate-for-a-coworking-balcony\" class=\"wp-block-heading\">O mobili\u00e1rio de exterior para p\u00e1tios residenciais \u00e9 adequado para uma varanda de um espa\u00e7o de coworking?<\/h3>\n\n\n\n<p class=\"wp-block-paragraph\">O mobili\u00e1rio de p\u00e1tio residencial n\u00e3o \u00e9, normalmente, adequado para um terra\u00e7o de coworking, uma vez que a sua garantia, os testes de carga, o sistema de pe\u00e7as substitu\u00edveis, os designs funcionais, a estabilidade, o tempo de secagem do mobili\u00e1rio e a resist\u00eancia \u00e0 limpeza podem n\u00e3o ser suficientes para suportar uma utiliza\u00e7\u00e3o industrial repetitiva, mesmo que o artigo pare\u00e7a dur\u00e1vel e seja comercializado como resistente \u00e0s intemp\u00e9ries ou ideal para instala\u00e7\u00f5es no interior e no exterior.<\/p>\n\n\n\n<p class=\"wp-block-paragraph\">Se ainda estiver a ser ponderada a utiliza\u00e7\u00e3o de um produto dom\u00e9stico, obtenha uma confirma\u00e7\u00e3o por escrito de que a aplica\u00e7\u00e3o industrial em quest\u00e3o est\u00e1 abrangida. Uma brochura de vendas amb\u00edgua n\u00e3o constitui uma defesa ao abrigo da garantia de servi\u00e7o.<\/p>\n\n\n\n<h3 id=\"how-should-outdoor-office-furnishings-be-allocated\" class=\"wp-block-heading\">Como se deve distribuir o mobili\u00e1rio de escrit\u00f3rio para exterior?<\/h3>\n\n\n\n<p class=\"wp-block-paragraph\">O mobili\u00e1rio para locais de trabalho ao ar livre deve ser or\u00e7amentado com base no pre\u00e7o total por hora de utiliza\u00e7\u00e3o de cada lugar, uma etapa do ciclo de vida que integra o custo de aquisi\u00e7\u00e3o, os produtos, a instala\u00e7\u00e3o, as capas de prote\u00e7\u00e3o, a m\u00e3o-de-obra de limpeza, o espa\u00e7o de armazenamento sazonal, as almofadas de substitui\u00e7\u00e3o, as pe\u00e7as sobressalentes, os trabalhos de repara\u00e7\u00e3o, os anos de servi\u00e7o previstos e o n\u00famero real de horas, em que as condi\u00e7\u00f5es meteorol\u00f3gicas o permitam, durante as quais os utilizadores podem utilizar com sucesso cada lugar.<\/p>\n\n\n\n<p class=\"wp-block-paragraph\">Esta t\u00e9cnica permite identificar falsas economias. Al\u00e9m disso, proporciona aos condutores uma base justa para comparar artigos de gama alta com equipamento de menor custo que possa exigir uma substitui\u00e7\u00e3o mais precoce ou maior aten\u00e7\u00e3o por parte do pessoal.<\/p>\n\n\n\n<figure class=\"wp-block-image size-full\"><img decoding=\"async\" width=\"960\" height=\"720\" src=\"https:\/\/ipocasfurniture.com\/wp-content\/uploads\/2026\/09\/Coworking-Terrace-Furniture-4.jpg\" alt=\"Mobili\u00e1rio para esplanadas de espa\u00e7os de coworking\" class=\"wp-image-1415\" title=\"\" srcset=\"https:\/\/ipocasfurniture.com\/wp-content\/uploads\/2026\/09\/Coworking-Terrace-Furniture-4.jpg 960w, https:\/\/ipocasfurniture.com\/wp-content\/uploads\/2026\/09\/Coworking-Terrace-Furniture-4-300x225.jpg 300w, https:\/\/ipocasfurniture.com\/wp-content\/uploads\/2026\/09\/Coworking-Terrace-Furniture-4-768x576.jpg 768w, https:\/\/ipocasfurniture.com\/wp-content\/uploads\/2026\/09\/Coworking-Terrace-Furniture-4-16x12.jpg 16w, https:\/\/ipocasfurniture.com\/wp-content\/uploads\/2026\/09\/Coworking-Terrace-Furniture-4-600x450.jpg 600w\" sizes=\"(max-width: 960px) 100vw, 960px\" \/><\/figure>\n\n\n\n<h2 id=\"construct-a-terrace-array-that-can-verify-its-value\" class=\"wp-block-heading\">Construa uma matriz em degraus capaz de verificar o seu valor<\/h2>\n\n\n\n<p class=\"wp-block-paragraph\">Nega que seja essa fotografia.<\/p>\n\n\n\n<p class=\"wp-block-paragraph\">Analise rapidamente as configura\u00e7\u00f5es do local de trabalho, teste o mobili\u00e1rio com computadores port\u00e1teis reais, avalie a exposi\u00e7\u00e3o ambiental, proteja as vias de acesso, verifique a qualidade dos produtos e calcule o custo operacional total. Em seguida, reduza o sortido at\u00e9 que cada SKU tenha uma finalidade espec\u00edfica.<\/p>\n\n\n\n<p class=\"wp-block-paragraph\">Se estiver a planear uma gama de terra\u00e7os de coworking em v\u00e1rios locais, solicite amostras dos artigos, apresente relat\u00f3rios de testes industriais, calend\u00e1rios de acabamento, pre\u00e7os das pe\u00e7as de substitui\u00e7\u00e3o e um or\u00e7amento total com base nas quantidades previstas. O melhor fornecedor deve ser capaz de explicar como cada artigo funciona, como se comporta em diferentes condi\u00e7\u00f5es clim\u00e1ticas, como \u00e9 enviado, como \u00e9 armazenado e como \u00e9 reparado \u2014 e n\u00e3o apenas como se apresenta no dia do lan\u00e7amento.<\/p>\n\n\n\n<p class=\"wp-block-paragraph\"><\/p>","protected":false},"excerpt":{"rendered":"<p>Para que uma varanda de coworking seja rent\u00e1vel, n\u00e3o basta ter assentos apelativos na \u00e1rea do p\u00e1tio. Este guia explica exatamente como criar uma variedade de espa\u00e7os de trabalho ao ar livre, tendo em conta os modos de trabalho reais, a resist\u00eancia comercial, a disponibilidade e o custo ao longo do ciclo de vida.<\/p>","protected":false},"author":1,"featured_media":1413,"comment_status":"open","ping_status":"open","sticky":false,"template":"","format":"standard","meta":{"_gspb_post_css":"","footnotes":""},"categories":[1],"tags":[389,393,367,391,392,390],"class_list":["post-1411","post","type-post","status-publish","format-standard","has-post-thumbnail","hentry","category-outdoor-furniture-trends","tag-balcony-furnishings","tag-commercial-furniture-procurement","tag-contract-furniture","tag-coworking-room-design","tag-outdoor-work-area-planning","tag-outdoor-workplace-furniture"],"blocksy_meta":{"styles_descriptor":{"styles":{"desktop":"","tablet":"","mobile":""},"google_fonts":[],"version":8}},"_links":{"self":[{"href":"https:\/\/ipocasfurniture.com\/pt\/wp-json\/wp\/v2\/posts\/1411","targetHints":{"allow":["GET"]}}],"collection":[{"href":"https:\/\/ipocasfurniture.com\/pt\/wp-json\/wp\/v2\/posts"}],"about":[{"href":"https:\/\/ipocasfurniture.com\/pt\/wp-json\/wp\/v2\/types\/post"}],"author":[{"embeddable":true,"href":"https:\/\/ipocasfurniture.com\/pt\/wp-json\/wp\/v2\/users\/1"}],"replies":[{"embeddable":true,"href":"https:\/\/ipocasfurniture.com\/pt\/wp-json\/wp\/v2\/comments?post=1411"}],"version-history":[{"count":1,"href":"https:\/\/ipocasfurniture.com\/pt\/wp-json\/wp\/v2\/posts\/1411\/revisions"}],"predecessor-version":[{"id":1417,"href":"https:\/\/ipocasfurniture.com\/pt\/wp-json\/wp\/v2\/posts\/1411\/revisions\/1417"}],"wp:featuredmedia":[{"embeddable":true,"href":"https:\/\/ipocasfurniture.com\/pt\/wp-json\/wp\/v2\/media\/1413"}],"wp:attachment":[{"href":"https:\/\/ipocasfurniture.com\/pt\/wp-json\/wp\/v2\/media?parent=1411"}],"wp:term":[{"taxonomy":"category","embeddable":true,"href":"https:\/\/ipocasfurniture.com\/pt\/wp-json\/wp\/v2\/categories?post=1411"},{"taxonomy":"post_tag","embeddable":true,"href":"https:\/\/ipocasfurniture.com\/pt\/wp-json\/wp\/v2\/tags?post=1411"}],"curies":[{"name":"wp","href":"https:\/\/api.w.org\/{rel}","templated":true}]}}