{"id":249,"date":"2026-08-10T04:11:50","date_gmt":"2026-08-10T04:11:50","guid":{"rendered":"https:\/\/ipocasfurniture.com\/?p=249"},"modified":"2026-08-31T10:05:42","modified_gmt":"2026-08-31T10:05:42","slug":"garden-shade-ideas-for-patios-backyards-outdoor-spaces","status":"publish","type":"post","link":"https:\/\/ipocasfurniture.com\/pt\/garden-shade-ideas-for-patios-backyards-outdoor-spaces\/","title":{"rendered":"Ideias de sombreamento para p\u00e1tios, quintais e espa\u00e7os exteriores"},"content":{"rendered":"<p class=\"wp-block-paragraph\">A sombra muda tudo.<\/p>\n\n\n\n<p class=\"wp-block-paragraph\">Um p\u00e1tio pode ter mobili\u00e1rio caro, pavimento impec\u00e1vel e arranjos paisag\u00edsticos arquitet\u00f3nicos, mas se o sol direto da tarde transformar a zona de estar numa armadilha de calor entre as 14h00 e as 18h00, as pessoas simplesmente deixam de o utilizar \u2014 e \u00e9 a\u00ed que muitos projetos de espa\u00e7os exteriores, que de resto seriam impressionantes, falham.<\/p>\n\n\n\n<p class=\"wp-block-paragraph\">Ent\u00e3o, o que \u00e9 que realmente funciona?<\/p>\n\n\n\n<p class=\"wp-block-paragraph\">O melhor&nbsp;<strong>ideias para criar sombra no jardim<\/strong>&nbsp;Comecemos por uma pergunta:&nbsp;<strong>De onde vem a exposi\u00e7\u00e3o solar indesejada?<\/strong>&nbsp;Assim que compreender isso, a escolha entre uma \u00e1rvore, um guarda-sol, uma p\u00e9rgula, um gazebo ou uma cabana torna-se consideravelmente mais f\u00e1cil.<\/p>\n\n\n\n<p class=\"wp-block-paragraph\">E o problema n\u00e3o \u00e9 meramente est\u00e9tico. A NOAA informou, em 2023, que as ilhas de calor urbanas, com menos vegeta\u00e7\u00e3o e mais pavimento que absorve calor, podem ser&nbsp;<strong>at\u00e9 20 \u00b0F mais quente<\/strong>&nbsp;do que as zonas vizinhas. O&nbsp;<a href=\"https:\/\/www.noaa.gov\/news-release\/noaa-communities-to-map-heat-inequities-in-14-states-1-international-city\" rel=\"nofollow noopener\" target=\"_blank\">Programa de mapeamento do calor urbano da NOAA<\/a>&nbsp;Consequentemente, tem-se centrado fortemente na cobertura arb\u00f3rea, no pavimento e nas diferen\u00e7as de temperatura ao n\u00edvel dos bairros.<\/p>\n\n\n\n<p class=\"wp-block-paragraph\">Os dados do CDC confirmam esta tend\u00eancia sob outra perspetiva. Uma an\u00e1lise de 2024 relativa \u00e0 esta\u00e7\u00e3o quente de 2023 revelou que as taxas de consultas nos servi\u00e7os de urg\u00eancia relacionadas com o calor aumentaram substancialmente em v\u00e1rias regi\u00f5es dos EUA, em compara\u00e7\u00e3o com o per\u00edodo de 2018 a 2022. O&nbsp;<a href=\"https:\/\/www.cdc.gov\/mmwr\/volumes\/73\/wr\/mm7315a1.htm\" rel=\"nofollow noopener\" target=\"_blank\">Relat\u00f3rio do CDC sobre doen\u00e7as relacionadas com o calor<\/a>&nbsp;identificou, em particular, um aumento dos impactos entre adultos com idades compreendidas entre os 18 e os 64 anos e entre os homens.<\/p>\n\n\n\n<p class=\"wp-block-paragraph\">\u00c9 por isso que consideraria a sombra ao ar livre, em primeiro lugar, como infraestrutura e, em segundo lugar, como decora\u00e7\u00e3o.<\/p>\n\n\n\n<figure class=\"wp-block-image size-full\"><img decoding=\"async\" width=\"960\" height=\"720\" src=\"https:\/\/ipocasfurniture.com\/wp-content\/uploads\/2026\/08\/Patios-Backyards-Outdoor-Spaces-2.jpg\" alt=\"P\u00e1tios, quintais e espa\u00e7os exteriores\" class=\"wp-image-693\" title=\"\" srcset=\"https:\/\/ipocasfurniture.com\/wp-content\/uploads\/2026\/08\/Patios-Backyards-Outdoor-Spaces-2.jpg 960w, https:\/\/ipocasfurniture.com\/wp-content\/uploads\/2026\/08\/Patios-Backyards-Outdoor-Spaces-2-300x225.jpg 300w, https:\/\/ipocasfurniture.com\/wp-content\/uploads\/2026\/08\/Patios-Backyards-Outdoor-Spaces-2-768x576.jpg 768w, https:\/\/ipocasfurniture.com\/wp-content\/uploads\/2026\/08\/Patios-Backyards-Outdoor-Spaces-2-16x12.jpg 16w, https:\/\/ipocasfurniture.com\/wp-content\/uploads\/2026\/08\/Patios-Backyards-Outdoor-Spaces-2-600x450.jpg 600w\" sizes=\"(max-width: 960px) 100vw, 960px\" \/><\/figure>\n\n\n\n<h2 id=\"1-start-with-the-sun-not-the-furniture\" class=\"wp-block-heading\">1. Comece pelo sol, n\u00e3o pelo mobili\u00e1rio<\/h2>\n\n\n\n<p class=\"wp-block-paragraph\">Antes de comprar qualquer coisa, fica atento.<\/p>\n\n\n\n<p class=\"wp-block-paragraph\">O sol da manh\u00e3, que vem do leste, \u00e9 normalmente mais f\u00e1cil de suportar. A exposi\u00e7\u00e3o solar ao meio-dia \u00e9 mais vertical. O sol do fim da tarde, que vem do oeste, incide num \u00e2ngulo mais baixo e pode penetrar surpreendentemente longe por baixo de um telhado ou de uma cobertura.<\/p>\n\n\n\n<p class=\"wp-block-paragraph\">Essa distin\u00e7\u00e3o \u00e9 importante.<\/p>\n\n\n\n<p class=\"wp-block-paragraph\">Um grande toldo horizontal pode funcionar bem ao meio-dia, mas \u00e0s 17h todos ficam a espreitar com os olhos semicerrados devido \u00e0 luz solar direta. Por outro lado, um guarda-sol m\u00f3vel pode ser reposicionado \u00e0 medida que o sol se desloca, mas n\u00e3o consegue proporcionar a perman\u00eancia nem a defini\u00e7\u00e3o arquitet\u00f3nica de uma p\u00e9rgula fixa.<\/p>\n\n\n\n<p class=\"wp-block-paragraph\">Para a maioria&nbsp;<strong>ideias para sombrear o p\u00e1tio<\/strong>, eu avaliaria quatro vari\u00e1veis:<\/p>\n\n\n\n<ul class=\"wp-block-list\">\n<li><strong>Orienta\u00e7\u00e3o solar:<\/strong>&nbsp;Por onde entra a luz solar direta durante as horas em que utiliza esse espa\u00e7o?<\/li>\n\n\n\n<li><strong>Dura\u00e7\u00e3o:<\/strong>&nbsp;Precisa de sombra durante duas horas ou durante a maior parte do dia?<\/li>\n\n\n\n<li><strong>Exposi\u00e7\u00e3o ao vento:<\/strong>&nbsp;O local permite a instala\u00e7\u00e3o segura de um sistema de sombreamento m\u00f3vel?<\/li>\n\n\n\n<li><strong>Utiliza\u00e7\u00e3o:<\/strong>&nbsp;Trata-se de uma zona de refei\u00e7\u00f5es, de uma \u00e1rea junto \u00e0 piscina, de um sal\u00e3o, de uma cozinha exterior ou de um espa\u00e7o de conv\u00edvio tempor\u00e1rio?<\/li>\n<\/ul>\n\n\n\n<p class=\"wp-block-paragraph\">S\u00f3 ent\u00e3o \u00e9 que deve escolher a estrutura.<\/p>\n\n\n\n<h2 id=\"2-pergolas-the-best-architectural-shade-for-permanent-outdoor-living\" class=\"wp-block-heading\">2. P\u00e9rgulas: a melhor solu\u00e7\u00e3o arquitet\u00f3nica de sombreamento para uma vida ao ar livre permanente<\/h2>\n\n\n\n<p class=\"wp-block-paragraph\">As p\u00e9rgulas fazem sentido quando a \u00e1rea exterior funciona quase como mais uma divis\u00e3o.<\/p>\n\n\n\n<p class=\"wp-block-paragraph\">Um moderno&nbsp;<a href=\"https:\/\/ipocasfurniture.com\/pt\/aluminum-pergolas\/\">p\u00e9rgula de alum\u00ednio<\/a>&nbsp;pode definir uma zona de refei\u00e7\u00f5es, uma cozinha ao ar livre, uma \u00e1rea de lazer junto \u00e0 piscina ou um terra\u00e7o de acolhimento sem delimitar visualmente o espa\u00e7o. Em compara\u00e7\u00e3o com um guarda-sol solto, a estrutura torna-se parte integrante da arquitetura.<\/p>\n\n\n\n<p class=\"wp-block-paragraph\">Mas h\u00e1 uma distin\u00e7\u00e3o importante:&nbsp;<strong>uma p\u00e9rgula n\u00e3o \u00e9, por si s\u00f3, uma solu\u00e7\u00e3o de sombra<\/strong>.<\/p>\n\n\n\n<p class=\"wp-block-paragraph\">As p\u00e9rgulas tradicionais com vigas abertas podem criar padr\u00f5es de sombra atraentes, permitindo, ao mesmo tempo, a passagem de uma quantidade consider\u00e1vel de luz solar direta. Se o objetivo for um controlo solar substancial, considere a configura\u00e7\u00e3o do telhado: ripas fixas, persianas ajust\u00e1veis, tecido retr\u00e1til ou outro sistema de cobertura.<\/p>\n\n\n\n<p class=\"wp-block-paragraph\">\u00c9 por isso que&nbsp;<strong>ideias para sombrear p\u00e9rgulas<\/strong>&nbsp;deveria basear-se no desempenho e n\u00e3o na apar\u00eancia.<\/p>\n\n\n\n<p class=\"wp-block-paragraph\">No caso de um p\u00e1tio virado a oeste, por exemplo, as persianas suspensas, por si s\u00f3, podem n\u00e3o ser suficientes para resolver o problema da exposi\u00e7\u00e3o solar no final da tarde. Pode ainda ser necess\u00e1rio recorrer a prote\u00e7\u00f5es laterais, plantas ou elementos ajust\u00e1veis.<\/p>\n\n\n\n<p class=\"wp-block-paragraph\">A verdade inc\u00f3moda \u00e9 que as fotografias podem induzir em erro. Uma p\u00e9rgula fotografada \u00e0s 10h00 pode parecer perfeitamente sombreada; a mesma estrutura \u00e0s 16h30 pode apresentar um comportamento muito diferente.<\/p>\n\n\n\n<h3 id=\"where-pergolas-work-best\" class=\"wp-block-heading\">Onde as p\u00e9rgulas ficam melhor<\/h3>\n\n\n\n<p class=\"wp-block-paragraph\">As p\u00e9rgulas s\u00e3o mais resistentes para:<\/p>\n\n\n\n<ul class=\"wp-block-list\">\n<li>esplanadas permanentes;<\/li>\n\n\n\n<li>cozinhas ao ar livre;<\/li>\n\n\n\n<li>p\u00e1tios residenciais frequentemente utilizados;<\/li>\n\n\n\n<li>lugares sentados em hot\u00e9is e restaurantes;<\/li>\n\n\n\n<li>\u00e1reas de descanso junto \u00e0 piscina;<\/li>\n\n\n\n<li>jardins de grandes dimens\u00f5es que exigem uma estrutura arquitet\u00f3nica.<\/li>\n<\/ul>\n\n\n\n<p class=\"wp-block-paragraph\">Se a sua prioridade for criar uma zona de conv\u00edvio ao ar livre a longo prazo, em vez de apenas proporcionar sombra ocasionalmente, \u00e9 normalmente por aqui que eu come\u00e7aria.<\/p>\n\n\n\n<h2 id=\"3-garden-parasols-better-when-flexibility-matters\" class=\"wp-block-heading\">3. Guarda-s\u00f3is de jardim: a melhor op\u00e7\u00e3o quando a flexibilidade \u00e9 importante<\/h2>\n\n\n\n<p class=\"wp-block-paragraph\">Nem todos os p\u00e1tios precisam de obras.<\/p>\n\n\n\n<p class=\"wp-block-paragraph\">Um bem posicionado&nbsp;<a href=\"https:\/\/ipocasfurniture.com\/pt\/patio-umbrellas-bases\/\">guarda-sol de p\u00e1tio ou guarda-sol<\/a>&nbsp;pode ser uma das formas mais eficientes&nbsp;<strong>ideias para sombra no exterior<\/strong>&nbsp;porque a sombra pode ser colocada exatamente onde as pessoas se sentam, em vez de cobrir uma \u00e1rea n\u00e3o utilizada.<\/p>\n\n\n\n<p class=\"wp-block-paragraph\">Os projetos em balan\u00e7o s\u00e3o particularmente \u00fateis em torno de mesas de jantar, sof\u00e1s e piscinas, uma vez que a coluna de suporte pode ficar fora da zona de ocupa\u00e7\u00e3o.<\/p>\n\n\n\n<p class=\"wp-block-paragraph\">Parece simples. Mas n\u00e3o \u00e9.<\/p>\n\n\n\n<p class=\"wp-block-paragraph\">A base \u00e9 extremamente importante. O mesmo se aplica \u00e0 \u00e1rea da vela, \u00e0 exposi\u00e7\u00e3o ao vento e \u00e0 orienta\u00e7\u00e3o. Uma vela muito grande com uma base inadequada n\u00e3o constitui uma melhoria.<\/p>\n\n\n\n<p class=\"wp-block-paragraph\">No caso de p\u00e1tios mais pequenos, im\u00f3veis para arrendamento ou espa\u00e7os cuja configura\u00e7\u00e3o muda frequentemente, os guarda-s\u00f3is t\u00eam uma vantagem que as estruturas permanentes n\u00e3o conseguem igualar:&nbsp;<strong>mobilidade<\/strong>.<\/p>\n\n\n\n<p class=\"wp-block-paragraph\">Mudar os m\u00f3veis de lugar? Mude a persiana.<\/p>\n\n\n\n<p class=\"wp-block-paragraph\">Precisas de luz solar de inverno? Tira-a.<\/p>\n\n\n\n<p class=\"wp-block-paragraph\">Vai receber um grupo maior? Reoriente a cobertura.<\/p>\n\n\n\n<p class=\"wp-block-paragraph\">\u00c9 por isso que alguns dos&nbsp;<strong>as melhores ideias para criar sombra no jardim<\/strong>&nbsp;n\u00e3o s\u00e3o, de todo, permanentes.<\/p>\n\n\n\n<h2 id=\"4-gazebos-more-shelter-more-visual-weight\" class=\"wp-block-heading\">4. Gazebos: mais abrigo, mais impacto visual<\/h2>\n\n\n\n<p class=\"wp-block-paragraph\">Um gazebo situa-se mais na extremidade do espectro que corresponde \u00e0 \u201csala ao ar livre\u201d.<\/p>\n\n\n\n<p class=\"wp-block-paragraph\">Ao contr\u00e1rio de uma p\u00e9rgula relativamente aberta, uma&nbsp;<a href=\"https:\/\/ipocasfurniture.com\/pt\/garden-gazebos\/\">gazebo de jardim<\/a>&nbsp;geralmente proporciona uma cobertura mais cont\u00ednua, o que a torna \u00fatil quando \u00e9 importante proteger-se tanto do sol intenso como da chuva fraca.<\/p>\n\n\n\n<p class=\"wp-block-paragraph\">Al\u00e9m disso, cria um ponto focal mais marcante.<\/p>\n\n\n\n<p class=\"wp-block-paragraph\">Isso pode ser uma vantagem num quintal grande, mas uma desvantagem num quintal pequeno. Se colocarmos um gazebo demasiado grande num jardim suburbano compacto, a estrutura pode dominar tudo o que a rodeia.<\/p>\n\n\n\n<p class=\"wp-block-paragraph\">A escala \u00e9 importante.<\/p>\n\n\n\n<p class=\"wp-block-paragraph\">Para os propriet\u00e1rios que est\u00e3o a comparar&nbsp;<strong>ideias para criar sombra no quintal<\/strong>, eu utilizaria gazebos quando o objetivo fosse um destino claramente definido: um pavilh\u00e3o de refei\u00e7\u00f5es, uma zona de lazer, uma \u00e1rea de spa ou um recanto no jardim.<\/p>\n\n\n\n<p class=\"wp-block-paragraph\">N\u00e3o se trata apenas de \u201cum pouco de sombra\u201d.\u201d<\/p>\n\n\n\n<h2 id=\"5-outdoor-cabanas-shade-for-lounging-and-privacy\" class=\"wp-block-heading\">5. Cabanas ao ar livre: sombra para relaxar e privacidade<\/h2>\n\n\n\n<p class=\"wp-block-paragraph\">As cabanas resolvem um problema ligeiramente diferente.<\/p>\n\n\n\n<p class=\"wp-block-paragraph\">Combinam prote\u00e7\u00e3o contra a chuva com uma maior sensa\u00e7\u00e3o de privacidade, tornando&nbsp;<a href=\"https:\/\/ipocasfurniture.com\/pt\/outdoor-cabanas\/\">cabanas ao ar livre<\/a>&nbsp;particularmente adequado para terra\u00e7os de piscina, espa\u00e7os de hospitalidade e zonas de estar mais recatadas, onde os utilizadores possam desejar privacidade, bem como prote\u00e7\u00e3o solar.<\/p>\n\n\n\n<p class=\"wp-block-paragraph\">Pense na distin\u00e7\u00e3o desta forma:<\/p>\n\n\n\n<p class=\"wp-block-paragraph\">Um guarda-sol protege o mobili\u00e1rio do sol.<\/p>\n\n\n\n<p class=\"wp-block-paragraph\">Uma p\u00e9rgula organiza o espa\u00e7o.<\/p>\n\n\n\n<p class=\"wp-block-paragraph\">Um gazebo d\u00e1 origem a um pavilh\u00e3o.<\/p>\n\n\n\n<p class=\"wp-block-paragraph\">Uma cabana \u00e9 um ref\u00fagio.<\/p>\n\n\n\n<p class=\"wp-block-paragraph\">\u00c9 uma simplifica\u00e7\u00e3o excessiva, obviamente, mas constitui um teste de conce\u00e7\u00e3o \u00fatil.<\/p>\n\n\n\n<p class=\"wp-block-paragraph\">As cabanas revelam-se especialmente eficazes quando as cortinas, os biombos ou os pain\u00e9is laterais conseguem adaptar-se \u00e0 luz solar de \u00e2ngulo baixo. Nessa situa\u00e7\u00e3o, a estrutura controla a luz solar proveniente de mais do que uma dire\u00e7\u00e3o, em vez de depender exclusivamente de um telhado.<\/p>\n\n\n\n<figure class=\"wp-block-image size-full\"><img decoding=\"async\" width=\"960\" height=\"720\" src=\"https:\/\/ipocasfurniture.com\/wp-content\/uploads\/2026\/08\/Patios-Backyards-Outdoor-Spaces-1.jpg\" alt=\"P\u00e1tios, quintais e espa\u00e7os exteriores\" class=\"wp-image-692\" title=\"\" srcset=\"https:\/\/ipocasfurniture.com\/wp-content\/uploads\/2026\/08\/Patios-Backyards-Outdoor-Spaces-1.jpg 960w, https:\/\/ipocasfurniture.com\/wp-content\/uploads\/2026\/08\/Patios-Backyards-Outdoor-Spaces-1-300x225.jpg 300w, https:\/\/ipocasfurniture.com\/wp-content\/uploads\/2026\/08\/Patios-Backyards-Outdoor-Spaces-1-768x576.jpg 768w, https:\/\/ipocasfurniture.com\/wp-content\/uploads\/2026\/08\/Patios-Backyards-Outdoor-Spaces-1-16x12.jpg 16w, https:\/\/ipocasfurniture.com\/wp-content\/uploads\/2026\/08\/Patios-Backyards-Outdoor-Spaces-1-600x450.jpg 600w\" sizes=\"(max-width: 960px) 100vw, 960px\" \/><\/figure>\n\n\n\n<h2 id=\"6-natural-garden-shade-trees-can-outperform-expectations\" class=\"wp-block-heading\">6. Sombra natural no jardim: as \u00e1rvores podem superar as expectativas<\/h2>\n\n\n\n<p class=\"wp-block-paragraph\">O plantio \u00e9 mais lento.<\/p>\n\n\n\n<p class=\"wp-block-paragraph\">Mas merece mais aten\u00e7\u00e3o.<\/p>\n\n\n\n<p class=\"wp-block-paragraph\">As \u00e1rvores proporcionam sombra e, ao mesmo tempo, refrescam o ambiente atrav\u00e9s da evapotranspira\u00e7\u00e3o \u2014 o movimento e a evapora\u00e7\u00e3o da \u00e1gua pela vegeta\u00e7\u00e3o \u2014, o que \u00e9 fundamentalmente diferente de simplesmente interceptar a luz solar com uma cobertura artificial.<\/p>\n\n\n\n<p class=\"wp-block-paragraph\">As provas s\u00e3o substanciais. Um estudo de 2024 publicado em&nbsp;<em>Comunica\u00e7\u00f5es, Terra e Ambiente<\/em>&nbsp;sintetizado&nbsp;<strong>182 estudos realizados em 110 cidades ou regi\u00f5es e 17 tipos de clima<\/strong>. O estudo concluiu que o desempenho das \u00e1rvores em termos de arrefecimento dependia em grande medida do clima, das caracter\u00edsticas das \u00e1rvores e da geometria urbana; a planta\u00e7\u00e3o de \u00e1rvores reduziu as temperaturas m\u00e1ximas mensais para valores inferiores a&nbsp;<strong>26 \u00b0C em 83% das cidades analisadas<\/strong>. Pode ler o&nbsp;<a href=\"https:\/\/www.nature.com\/articles\/s43247-024-01908-4\" rel=\"nofollow noopener\" target=\"_blank\">Meta-an\u00e1lise global sobre o arrefecimento proporcionado pelas \u00e1rvores em 2024<\/a>&nbsp;diretamente.<\/p>\n\n\n\n<p class=\"wp-block-paragraph\">Mas isso n\u00e3o significa que&nbsp;<strong>n\u00e3o<\/strong>&nbsp;significa \u201cplantar qualquer \u00e1rvore em qualquer lugar\u201d.\u201d<\/p>\n\n\n\n<p class=\"wp-block-paragraph\">A sele\u00e7\u00e3o das esp\u00e9cies, a forma da copa, as dimens\u00f5es na fase adulta, as necessidades h\u00eddricas, o comportamento das ra\u00edzes, a orienta\u00e7\u00e3o e o clima local s\u00e3o todos fatores importantes.<\/p>\n\n\n\n<p class=\"wp-block-paragraph\">Uma \u00e1rvore de crescimento r\u00e1pido colocada demasiado perto do pavimento ou das funda\u00e7\u00f5es pode tornar-se um problema de manuten\u00e7\u00e3o no futuro. Uma pequena \u00e1rvore ornamental plantada no lado errado do p\u00e1tio pode n\u00e3o proporcionar praticamente nenhuma sombra \u00fatil durante o per\u00edodo de maior utiliza\u00e7\u00e3o.<\/p>\n\n\n\n<p class=\"wp-block-paragraph\">Para&nbsp;<strong>sombra natural do jardim<\/strong>, a localiza\u00e7\u00e3o pode ser t\u00e3o importante quanto a esp\u00e9cie.<\/p>\n\n\n\n<p class=\"wp-block-paragraph\">Considere as \u00e1rvores para:<\/p>\n\n\n\n<ul class=\"wp-block-list\">\n<li>orienta\u00e7\u00e3o para oeste e sudoeste;<\/li>\n\n\n\n<li>\u00e1reas de estar no relvado;<\/li>\n\n\n\n<li>vias;<\/li>\n\n\n\n<li>espa\u00e7os de atividades para crian\u00e7as;<\/li>\n\n\n\n<li>zonas pavimentadas que acumulam calor;<\/li>\n\n\n\n<li>plantio em camadas em torno de estruturas de sombra permanentes.<\/li>\n<\/ul>\n\n\n\n<p class=\"wp-block-paragraph\">E combine v\u00e1rias t\u00e9cnicas. Uma p\u00e9rgula pode proporcionar sombra imediata, enquanto as \u00e1rvores crescem ao longo de v\u00e1rios anos.<\/p>\n\n\n\n<p class=\"wp-block-paragraph\">Essa \u00e9, muitas vezes, uma estrat\u00e9gia melhor do que ter de escolher entre a vegeta\u00e7\u00e3o e as estruturas.<\/p>\n\n\n\n<h2 id=\"7-combine-pergolas-with-climbing-plants\" class=\"wp-block-heading\">7. Combinar p\u00e9rgulas com plantas trepadeiras<\/h2>\n\n\n\n<p class=\"wp-block-paragraph\">\u00c9 aqui que os elementos arquitet\u00f3nicos e as plantas come\u00e7am a complementar-se.<\/p>\n\n\n\n<p class=\"wp-block-paragraph\">Uma p\u00e9rgula pode servir de estrutura de suporte, enquanto as plantas trepadeiras proporcionam cobertura sazonal, textura e uma sombra mais suave.<\/p>\n\n\n\n<p class=\"wp-block-paragraph\">O resultado visual \u00e9 evidente, mas a vantagem em termos de design \u00e9 mais subtil: a cobertura vegetal pode reduzir as aberturas por onde a radia\u00e7\u00e3o solar direta atinge os ocupantes.<\/p>\n\n\n\n<p class=\"wp-block-paragraph\">Ainda assim, n\u00e3o o romantizes.<\/p>\n\n\n\n<p class=\"wp-block-paragraph\">A manuten\u00e7\u00e3o de plantas vivas requer poda, rega, gest\u00e3o das esp\u00e9cies e paci\u00eancia. As plantas de folha caduca tamb\u00e9m podem apresentar um comportamento muito diferente entre julho e janeiro.<\/p>\n\n\n\n<p class=\"wp-block-paragraph\">Em climas onde a luz solar de inverno \u00e9 desej\u00e1vel, essa pode ser precisamente a quest\u00e3o.<\/p>\n\n\n\n<h2 id=\"8-use-layered-shade-instead-of-one-giant-structure\" class=\"wp-block-heading\">8. Utilize sombra em camadas em vez de uma \u00fanica estrutura gigante<\/h2>\n\n\n\n<p class=\"wp-block-paragraph\">Uma maior cobertura nem sempre \u00e9 melhor.<\/p>\n\n\n\n<p class=\"wp-block-paragraph\">Prefiro ver tr\u00eas camadas de sombra estrategicamente posicionadas do que um telhado enorme que ocupe todo o quintal.<\/p>\n\n\n\n<p class=\"wp-block-paragraph\">Por exemplo:<\/p>\n\n\n\n<p class=\"wp-block-paragraph\"><strong>Camada 1:<\/strong>&nbsp;pergola permanente sobre a zona de refei\u00e7\u00f5es principal.<\/p>\n\n\n\n<p class=\"wp-block-paragraph\"><strong>Camada 2:<\/strong>&nbsp;\u00e1rvores de folha caduca ao longo da exposi\u00e7\u00e3o a oeste.<\/p>\n\n\n\n<p class=\"wp-block-paragraph\"><strong>Camada 3:<\/strong>&nbsp;guarda-sol m\u00f3vel ao lado de uma espregui\u00e7adeira secund\u00e1ria ou da piscina.<\/p>\n\n\n\n<p class=\"wp-block-paragraph\">Agora, o jardim reage de forma diferente ao longo do dia.<\/p>\n\n\n\n<p class=\"wp-block-paragraph\">Esta abordagem evita tamb\u00e9m que um espa\u00e7o exterior se transforme numa extens\u00e3o escura da casa.<\/p>\n\n\n\n<p class=\"wp-block-paragraph\">A sombra deve regular a luz solar, n\u00e3o eliminar a luz do dia.<\/p>\n\n\n\n<h2 id=\"9-retractable-shade-gives-you-something-fixed-roofs-cannot-choice\" class=\"wp-block-heading\">9. A persiana retr\u00e1til oferece-lhe algo que os telhados fixos n\u00e3o conseguem: a escolha<\/h2>\n\n\n\n<p class=\"wp-block-paragraph\">Alguns jardins precisam de sombra em agosto e de sol em fevereiro.<\/p>\n\n\n\n<p class=\"wp-block-paragraph\">\u00c9 a\u00ed que os sistemas retr\u00e1teis mostram o seu valor.<\/p>\n\n\n\n<p class=\"wp-block-paragraph\">Toldos retr\u00e1teis, coberturas deslizantes em tecido e telhados de p\u00e9rgula ajust\u00e1veis permitem ao utilizador adaptar a cobertura \u00e0 medida que o tempo, a esta\u00e7\u00e3o do ano e a atividade mudam.<\/p>\n\n\n\n<p class=\"wp-block-paragraph\">Queres o sol da manh\u00e3?<\/p>\n\n\n\n<p class=\"wp-block-paragraph\">Abre-o.<\/p>\n\n\n\n<p class=\"wp-block-paragraph\">O almo\u00e7o est\u00e1 a ficar quente?<\/p>\n\n\n\n<p class=\"wp-block-paragraph\">Fecha isso.<\/p>\n\n\n\n<p class=\"wp-block-paragraph\">A capacidade de reverter esta situa\u00e7\u00e3o \u00e9 importante, uma vez que a exposi\u00e7\u00e3o solar ideal raramente se mant\u00e9m constante ao longo de doze meses.<\/p>\n\n\n\n<p class=\"wp-block-paragraph\">Isto \u00e9 especialmente relevante em climas temperados, onde o ganho solar pode ser bem-vindo nas esta\u00e7\u00f5es mais frias.<\/p>\n\n\n\n<h2 id=\"10-shade-the-activity-zone-not-the-entire-garden\" class=\"wp-block-heading\">10. Coloque uma sombra na zona de atividades, e n\u00e3o em todo o jardim<\/h2>\n\n\n\n<p class=\"wp-block-paragraph\">Isto parece \u00f3bvio.<\/p>\n\n\n\n<p class=\"wp-block-paragraph\">\u00c9 habitualmente ignorado.<\/p>\n\n\n\n<p class=\"wp-block-paragraph\">Ao considerar&nbsp;<strong>Como criar sombra num jardim<\/strong>, mapear os locais onde as pessoas realmente passam o tempo:<\/p>\n\n\n\n<ul class=\"wp-block-list\">\n<li>cadeiras de jantar;<\/li>\n\n\n\n<li>sof\u00e1s de exterior;<\/li>\n\n\n\n<li>\u00e1reas de prepara\u00e7\u00e3o para churrascos;<\/li>\n\n\n\n<li>mesas para crian\u00e7as;<\/li>\n\n\n\n<li>espregui\u00e7adeiras de piscina;<\/li>\n\n\n\n<li>cadeiras de leitura;<\/li>\n\n\n\n<li>vias frequentemente utilizadas.<\/li>\n<\/ul>\n\n\n\n<p class=\"wp-block-paragraph\">Ent\u00e3o, pinte primeiro essas \u00e1reas.<\/p>\n\n\n\n<p class=\"wp-block-paragraph\">Um toldo de 400 p\u00e9s quadrados sobre um relvado vazio contribui menos para o conforto do dia a dia do que um toldo de 100 p\u00e9s quadrados, cuidadosamente posicionado, sobre a mesa de jantar.<\/p>\n\n\n\n<p class=\"wp-block-paragraph\">Conceba tendo em conta o comportamento.<\/p>\n\n\n\n<p class=\"wp-block-paragraph\">N\u00e3o s\u00e3o fotografias.<\/p>\n\n\n\n<h2 id=\"comparing-the-main-garden-shade-ideas\" class=\"wp-block-heading\">Compara\u00e7\u00e3o das principais ideias para jardins \u00e0 sombra<\/h2>\n\n\n\n<figure class=\"wp-block-table\"><table class=\"has-fixed-layout\"><thead><tr><th>Solu\u00e7\u00e3o de sombreamento<\/th><th>Flexibilidade<\/th><th class=\"has-text-align-right\" data-align=\"right\">Cobertura<\/th><th>Melhor Aplica\u00e7\u00e3o<\/th><th>Principal vantagem<\/th><th>Principal limita\u00e7\u00e3o<\/th><\/tr><\/thead><tbody><tr><td><strong>P\u00e9rgula de alum\u00ednio<\/strong><\/td><td>M\u00e9dio<\/td><td class=\"has-text-align-right\" data-align=\"right\">M\u00e9dio-alto<\/td><td>Salas de jantar, cozinhas, p\u00e1tios amplos<\/td><td>Estrutura arquitet\u00f3nica permanente<\/td><td>Requer planeamento e instala\u00e7\u00e3o<\/td><\/tr><tr><td><strong>Guarda-sol de jardim<\/strong><\/td><td>Elevado<\/td><td class=\"has-text-align-right\" data-align=\"right\">Baixa\u2013M\u00e9dia<\/td><td>Mesas, piscinas, pequenos p\u00e1tios<\/td><td>M\u00f3vel e de r\u00e1pida implementa\u00e7\u00e3o<\/td><td>Requisitos relativos ao vento e \u00e0 base<\/td><\/tr><tr><td><strong>Gazebo<\/strong><\/td><td>Baixo<\/td><td class=\"has-text-align-right\" data-align=\"right\">Elevado<\/td><td>\u00c1reas de refei\u00e7\u00f5es e de conv\u00edvio no quintal<\/td><td>Abrigo suspenso resistente e cont\u00ednuo<\/td><td>Maior massa visual<\/td><\/tr><tr><td><strong>Cabana ao ar livre<\/strong><\/td><td>M\u00e9dio<\/td><td class=\"has-text-align-right\" data-align=\"right\">M\u00e9dio-alto<\/td><td>\u00c1reas de lazer junto \u00e0 piscina e de acolhimento<\/td><td>Sombra e privacidade<\/td><td>\u00c9 necess\u00e1ria mais \u00e1rea \u00fatil<\/td><\/tr><tr><td><strong>\u00c1rvore de sombra<\/strong><\/td><td>Baixo ap\u00f3s a planta\u00e7\u00e3o<\/td><td class=\"has-text-align-right\" data-align=\"right\">M\u00e9dio-alto na maturidade<\/td><td>Relvados, p\u00e1tios, caminhos<\/td><td>Sombra e refrigera\u00e7\u00e3o por evapora\u00e7\u00e3o<\/td><td>Leva tempo a amadurecer<\/td><\/tr><tr><td><strong>Toldo retr\u00e1til<\/strong><\/td><td>Elevado<\/td><td class=\"has-text-align-right\" data-align=\"right\">M\u00e9dio<\/td><td>P\u00e1tios adjacentes \u00e0 casa<\/td><td>Sombra \u00e0 medida<\/td><td>Op\u00e7\u00f5es de coloca\u00e7\u00e3o limitadas<\/td><\/tr><tr><td><strong>Plantas trepadeiras + p\u00e9rgula<\/strong><\/td><td>M\u00e9dio<\/td><td class=\"has-text-align-right\" data-align=\"right\">Vari\u00e1vel<\/td><td>Refei\u00e7\u00f5es e \u00e1reas de estar no jardim<\/td><td>Cobertura suave e natural<\/td><td>Tempo de manuten\u00e7\u00e3o e crescimento<\/td><\/tr><\/tbody><\/table><\/figure>\n\n\n\n<h2 id=\"11-do-not-ignore-the-ground-beneath-the-shade\" class=\"wp-block-heading\">11. N\u00e3o ignores o ch\u00e3o por baixo da sombra<\/h2>\n\n\n\n<p class=\"wp-block-paragraph\">As pessoas concentram-se na copa das \u00e1rvores.<\/p>\n\n\n\n<p class=\"wp-block-paragraph\">Tamb\u00e9m olho para baixo.<\/p>\n\n\n\n<p class=\"wp-block-paragraph\">A pedra escura, o bet\u00e3o, as superf\u00edcies compostas e outros materiais expostos podem absorver energia solar e, posteriormente, libertar calor para o ambiente circundante. Esta \u00e9 uma das raz\u00f5es pelas quais a vegeta\u00e7\u00e3o e a sombra podem ter efeitos que v\u00e3o al\u00e9m da pr\u00f3pria temperatura do ar.<\/p>\n\n\n\n<p class=\"wp-block-paragraph\">Um estudo hist\u00f3rico da EPA revelou que as temperaturas superficiais sob sombra s\u00e3o significativamente mais baixas do que nas superf\u00edcies sem sombra, embora o desempenho exato varie consoante a superf\u00edcie, o clima e as condi\u00e7\u00f5es. A EPA continua a recomendar a vegeta\u00e7\u00e3o, a sombra, os telhados frios e medidas relacionadas como parte da sua estrat\u00e9gia mais ampla&nbsp;<a href=\"https:\/\/www.epa.gov\/heatislands\/heat-island-reduction-solutions\" rel=\"nofollow noopener\" target=\"_blank\">estrat\u00e9gia de redu\u00e7\u00e3o do efeito de ilha de calor<\/a>.<\/p>\n\n\n\n<p class=\"wp-block-paragraph\">Portanto, se um p\u00e1tio continuar a ser desconfort\u00e1vel ap\u00f3s a instala\u00e7\u00e3o de um toldo suspenso, inspecione as superf\u00edcies circundantes.<\/p>\n\n\n\n<p class=\"wp-block-paragraph\">A copa das \u00e1rvores pode n\u00e3o ser o \u00fanico problema.<\/p>\n\n\n\n<figure class=\"wp-block-image size-full\"><img decoding=\"async\" width=\"960\" height=\"720\" src=\"https:\/\/ipocasfurniture.com\/wp-content\/uploads\/2026\/08\/Patios-Backyards-Outdoor-Spaces-3.jpg\" alt=\"P\u00e1tios, quintais e espa\u00e7os exteriores\" class=\"wp-image-694\" title=\"\" srcset=\"https:\/\/ipocasfurniture.com\/wp-content\/uploads\/2026\/08\/Patios-Backyards-Outdoor-Spaces-3.jpg 960w, https:\/\/ipocasfurniture.com\/wp-content\/uploads\/2026\/08\/Patios-Backyards-Outdoor-Spaces-3-300x225.jpg 300w, https:\/\/ipocasfurniture.com\/wp-content\/uploads\/2026\/08\/Patios-Backyards-Outdoor-Spaces-3-768x576.jpg 768w, https:\/\/ipocasfurniture.com\/wp-content\/uploads\/2026\/08\/Patios-Backyards-Outdoor-Spaces-3-16x12.jpg 16w, https:\/\/ipocasfurniture.com\/wp-content\/uploads\/2026\/08\/Patios-Backyards-Outdoor-Spaces-3-600x450.jpg 600w\" sizes=\"(max-width: 960px) 100vw, 960px\" \/><\/figure>\n\n\n\n<h2 id=\"12-think-about-airflow-before-adding-side-screens\" class=\"wp-block-heading\">12. Tenha em conta a circula\u00e7\u00e3o de ar antes de instalar redes laterais<\/h2>\n\n\n\n<p class=\"wp-block-paragraph\">H\u00e1 um compromisso.<\/p>\n\n\n\n<p class=\"wp-block-paragraph\">As telas verticais podem bloquear a luz solar de \u00e2ngulo baixo, mas fechar todos os lados de uma estrutura sombreada tamb\u00e9m pode reduzir a circula\u00e7\u00e3o de ar.<\/p>\n\n\n\n<p class=\"wp-block-paragraph\">Para um conforto ao ar livre, a configura\u00e7\u00e3o ideal \u00e9, muitas vezes,&nbsp;<strong>sombra e ventila\u00e7\u00e3o<\/strong>, e n\u00e3o o compartimento m\u00e1ximo.<\/p>\n\n\n\n<p class=\"wp-block-paragraph\">Utilize os ecr\u00e3s de forma seletiva.<\/p>\n\n\n\n<p class=\"wp-block-paragraph\">Um painel lateral ocidental pode ser \u00fatil.<\/p>\n\n\n\n<p class=\"wp-block-paragraph\">Quatro paredes s\u00f3lidas provavelmente n\u00e3o o s\u00e3o.<\/p>\n\n\n\n<p class=\"wp-block-paragraph\">E em ambientes muito h\u00famidos, garantir a circula\u00e7\u00e3o de ar torna-se ainda mais importante, uma vez que a redu\u00e7\u00e3o da exposi\u00e7\u00e3o \u00e0 radia\u00e7\u00e3o solar resolve apenas parte da equa\u00e7\u00e3o do conforto.<\/p>\n\n\n\n<h2 id=\"13-the-best-shade-strategy-changes-with-the-space\" class=\"wp-block-heading\">13. A melhor estrat\u00e9gia de sombreamento varia consoante o espa\u00e7o<\/h2>\n\n\n\n<p class=\"wp-block-paragraph\">Para um&nbsp;<strong>pequeno p\u00e1tio<\/strong>, comece por um guarda-sol em balan\u00e7o ou um toldo compacto.<\/p>\n\n\n\n<p class=\"wp-block-paragraph\">Para um&nbsp;<strong>quintal grande<\/strong>, combine \u00e1rvores com uma p\u00e9rgula ou um gazebo permanente.<\/p>\n\n\n\n<p class=\"wp-block-paragraph\">Para um&nbsp;<strong>\u00e1rea da piscina<\/strong>, os guarda-s\u00f3is e as cabanas m\u00f3veis proporcionam cobertura espec\u00edfica \u00e0 volta das espregui\u00e7adeiras, sem sombrear toda a piscina.<\/p>\n\n\n\n<p class=\"wp-block-paragraph\">Para um&nbsp;<strong>cozinha ao ar livre<\/strong>, utilize prote\u00e7\u00f5es suspensas permanentes instaladas em torno das zonas de cozinha, prepara\u00e7\u00e3o e refei\u00e7\u00f5es.<\/p>\n\n\n\n<p class=\"wp-block-paragraph\">Para um&nbsp;<strong>terra\u00e7o comercial<\/strong>, as p\u00e9rgulas modulares ou os guarda-s\u00f3is a condizer facilitam a organiza\u00e7\u00e3o de v\u00e1rias zonas de estar.<\/p>\n\n\n\n<p class=\"wp-block-paragraph\">E no caso de um jardim que j\u00e1 tenha \u00e1rvores adultas?<\/p>\n\n\n\n<p class=\"wp-block-paragraph\">Utiliza-os.<\/p>\n\n\n\n<p class=\"wp-block-paragraph\">Projete tendo em conta a sombra j\u00e1 existente, em vez de pagar para criar mais sombra.<\/p>\n\n\n\n<h2 id=\"faq\" class=\"wp-block-heading\">Perguntas Frequentes<\/h2>\n\n\n\n<h3 id=\"what-are-the-best-garden-shade-ideas\" class=\"wp-block-heading\">Quais s\u00e3o as melhores ideias para jardins \u00e0 sombra?<\/h3>\n\n\n\n<p class=\"wp-block-paragraph\"><strong>As melhores ideias para criar sombra no jardim combinam prote\u00e7\u00e3o permanente e ajust\u00e1vel, de acordo com a orienta\u00e7\u00e3o do sol, a dimens\u00e3o do espa\u00e7o e a forma como o jardim \u00e9 utilizado, recorrendo normalmente a p\u00e9rgulas ou gazebos para as zonas principais, guarda-s\u00f3is para cobertura m\u00f3vel e \u00e1rvores ou plantas trepadeiras para proporcionar sombra natural em torno de p\u00e1tios, caminhos e \u00e1reas de estar secund\u00e1rias.<\/strong><\/p>\n\n\n\n<p class=\"wp-block-paragraph\">N\u00e3o existe um sistema universalmente superior. Uma p\u00e9rgula \u00e9 mais resistente para refei\u00e7\u00f5es ao ar livre permanentes, enquanto um guarda-sol pode ser mais pr\u00e1tico para um pequeno p\u00e1tio ou uma espregui\u00e7adeira \u00e0 beira da piscina. Em jardins maiores, a combina\u00e7\u00e3o de sombra estrutural e natural proporciona, normalmente, uma melhor cobertura ao longo do dia.<\/p>\n\n\n\n<h3 id=\"how-do-i-create-shade-in-a-garden-without-building-a-permanent-structure\" class=\"wp-block-heading\">Como posso criar sombra num jardim sem construir uma estrutura permanente?<\/h3>\n\n\n\n<p class=\"wp-block-paragraph\"><strong>\u00c9 poss\u00edvel criar sombra no jardim sem recorrer a constru\u00e7\u00f5es permanentes, utilizando guarda-s\u00f3is em balan\u00e7o, guarda-s\u00f3is independentes, sistemas retr\u00e1teis de tecido, velas de sombra e vasos com plantas estrategicamente posicionados, o que permite que a cobertura se desloque ou se altere \u00e0 medida que o sol se desloca, evitando assim as funda\u00e7\u00f5es, os postes e os trabalhos de constru\u00e7\u00e3o associados a p\u00e9rgulas, gazebos ou outros abrigos permanentes.<\/strong><\/p>\n\n\n\n<p class=\"wp-block-paragraph\">Esta abordagem \u00e9 particularmente adequada para im\u00f3veis arrendados, pequenos jardins e espa\u00e7os onde a disposi\u00e7\u00e3o do mobili\u00e1rio muda frequentemente. A escolha adequada de uma base e a considera\u00e7\u00e3o da exposi\u00e7\u00e3o ao vento continuam a ser importantes para as estruturas de sombra independentes.<\/p>\n\n\n\n<h3 id=\"are-pergolas-good-for-garden-shade\" class=\"wp-block-heading\">As p\u00e9rgulas s\u00e3o boas para proporcionar sombra no jardim?<\/h3>\n\n\n\n<p class=\"wp-block-paragraph\"><strong>As p\u00e9rgulas s\u00e3o estruturas eficazes para proporcionar sombra no jardim quando o design do seu telhado controla a exposi\u00e7\u00e3o solar direta, especialmente quando utilizam persianas ajust\u00e1veis, coberturas retr\u00e1teis, ripas bem pr\u00f3ximas umas das outras ou vegeta\u00e7\u00e3o, em vez de se basearem numa estrutura decorativa com espa\u00e7os amplos entre as ripas, que pode criar sombras atraentes sem proporcionar prote\u00e7\u00e3o suficiente durante as horas mais quentes.<\/strong><\/p>\n\n\n\n<p class=\"wp-block-paragraph\">O telhado \u00e9 apenas uma parte da equa\u00e7\u00e3o. A luz solar baixa do ocidente pode entrar por baixo da borda de uma p\u00e9rgula, pelo que tamb\u00e9m podem ser necess\u00e1rias cortinas laterais, plantas ou uma orienta\u00e7\u00e3o adequada.<\/p>\n\n\n\n<h3 id=\"are-trees-better-than-pergolas-for-natural-garden-shade\" class=\"wp-block-heading\">As \u00e1rvores s\u00e3o melhores do que as p\u00e9rgulas para proporcionar sombra natural no jardim?<\/h3>\n\n\n\n<p class=\"wp-block-paragraph\"><strong>As \u00e1rvores s\u00e3o frequentemente a op\u00e7\u00e3o natural mais eficaz para proporcionar sombra num jardim, uma vez que as suas copas interceptam a luz solar e a vegeta\u00e7\u00e3o contribui tamb\u00e9m para o arrefecimento por evapora\u00e7\u00e3o; por outro lado, as p\u00e9rgulas proporcionam uma cobertura estrutural imediata e previs\u00edvel; a melhor escolha depende, portanto, de se a prioridade \u00e9 a sombra imediata, o arrefecimento natural a longo prazo, a defini\u00e7\u00e3o arquitet\u00f3nica, os requisitos de manuten\u00e7\u00e3o ou a flexibilidade sazonal.<\/strong><\/p>\n\n\n\n<p class=\"wp-block-paragraph\">A meta-an\u00e1lise global de 2024, que abrange 182 estudos, mostra por que raz\u00e3o as compara\u00e7\u00f5es simplistas s\u00e3o arriscadas: o desempenho das \u00e1rvores no arrefecimento varia consoante o clima, as caracter\u00edsticas das esp\u00e9cies e a configura\u00e7\u00e3o urbana circundante.<\/p>\n\n\n\n<p class=\"wp-block-paragraph\">Em muitos jardins, a solu\u00e7\u00e3o mais eficaz n\u00e3o s\u00e3o as \u00e1rvores&nbsp;<em>ou<\/em>&nbsp;pergolas. \u00c9 ambas as coisas.<\/p>\n\n\n\n<h3 id=\"what-is-the-best-shade-solution-for-a-small-patio\" class=\"wp-block-heading\">Qual \u00e9 a melhor solu\u00e7\u00e3o de sombreamento para um pequeno p\u00e1tio?<\/h3>\n\n\n\n<p class=\"wp-block-paragraph\"><strong>A melhor solu\u00e7\u00e3o de sombra para um p\u00e1tio pequeno \u00e9, normalmente, um guarda-sol compacto de bra\u00e7o articulado, um toldo retr\u00e1til fixado \u00e0 parede ou uma p\u00e9rgula com dimens\u00f5es cuidadosamente calculadas, uma vez que estes sistemas permitem concentrar a sombra \u00fatil sobre a zona de estar ou de refei\u00e7\u00f5es sem ocupar demasiado espa\u00e7o no ch\u00e3o nem fazer com que uma \u00e1rea exterior relativamente pequena pare\u00e7a visualmente sobrecarregada ou permanentemente fechada.<\/strong><\/p>\n\n\n\n<p class=\"wp-block-paragraph\">Me\u00e7a primeiro o p\u00e1tio dispon\u00edvel, em vez de escolher o equipamento com base nas fotografias dos produtos. A localiza\u00e7\u00e3o do poste, a proje\u00e7\u00e3o do toldo, as dist\u00e2ncias livres das portas e a circula\u00e7\u00e3o em torno do mobili\u00e1rio podem determinar se a instala\u00e7\u00e3o \u00e9 realmente vi\u00e1vel.<\/p>\n\n\n\n<h3 id=\"how-should-i-position-shade-in-a-backyard\" class=\"wp-block-heading\">Como devo colocar a sombra num quintal?<\/h3>\n\n\n\n<p class=\"wp-block-paragraph\"><strong>A sombra no quintal deve ser posicionada de acordo com a trajet\u00f3ria do sol e com os hor\u00e1rios em que as pessoas realmente utilizam o espa\u00e7o, prestando especial aten\u00e7\u00e3o \u00e0 exposi\u00e7\u00e3o a oeste durante a tarde, \u00e0s \u00e1reas de refei\u00e7\u00f5es, aos conjuntos de estar e a outras zonas de grande utiliza\u00e7\u00e3o, em vez de se tentar cobrir toda a propriedade de forma uniforme com um toldo, telhado ou esquema de planta\u00e7\u00e3o de grandes dimens\u00f5es.<\/strong><\/p>\n\n\n\n<p class=\"wp-block-paragraph\">Observe o quintal em v\u00e1rios momentos do dia, quando o c\u00e9u estiver limpo, antes de decidir sobre uma estrutura permanente. O padr\u00e3o de sombra vis\u00edvel ao meio-dia pode ser muito diferente do que se observa durante o jantar.<\/p>\n\n\n\n<h2 id=\"build-shade-around-how-you-actually-live-outdoors\" class=\"wp-block-heading\">Crie sombra de acordo com a forma como realmente passa o tempo ao ar livre<\/h2>\n\n\n\n<p class=\"wp-block-paragraph\">Um bom jardim n\u00e3o \u00e9 uma sala de exposi\u00e7\u00f5es.<\/p>\n\n\n\n<p class=\"wp-block-paragraph\">Tem de funcionar \u00e0s 15h, em julho.<\/p>\n\n\n\n<p class=\"wp-block-paragraph\">Isso significa escolher a sombra de acordo com a orienta\u00e7\u00e3o solar, a circula\u00e7\u00e3o de ar, as zonas de atividade, o clima e a flexibilidade \u2014 e n\u00e3o simplesmente optar pela estrutura que ficar melhor nas fotografias.<\/p>\n\n\n\n<p class=\"wp-block-paragraph\">Para espa\u00e7os exteriores permanentes, comece por&nbsp;<a href=\"https:\/\/ipocasfurniture.com\/pt\/aluminum-pergolas\/\">pergolas de alum\u00ednio<\/a>. Para uma cobertura mais abrangente, ao estilo de um pavilh\u00e3o, compare&nbsp;<a href=\"https:\/\/ipocasfurniture.com\/pt\/garden-gazebos\/\">gazebos de jardim<\/a>. No que diz respeito \u00e0s zonas de lugares flex\u00edveis, considere&nbsp;<a href=\"https:\/\/ipocasfurniture.com\/pt\/patio-umbrellas-bases\/\">guarda-s\u00f3is de exterior e bases<\/a>, enquanto os ambientes de piscinas e de hotelaria podem beneficiar de&nbsp;<a href=\"https:\/\/ipocasfurniture.com\/pt\/outdoor-cabanas\/\">cabanas ao ar livre<\/a>.<\/p>\n\n\n\n<p class=\"wp-block-paragraph\">Ou explore a gama completa de&nbsp;<a href=\"https:\/\/ipocasfurniture.com\/pt\/garden-shades\/\">solu\u00e7\u00f5es de sombreamento para jardins<\/a>&nbsp;e conceber o sistema tendo em conta, em primeiro lugar, o espa\u00e7o.<\/p>\n\n\n\n<p class=\"wp-block-paragraph\">Essa ordem \u00e9 importante.<\/p>\n\n\n\n<p class=\"wp-block-paragraph\"><strong>Me\u00e7a a intensidade solar. Identifique a atividade solar. Depois, escolha a sombra.<\/strong><\/p>\n\n\n\n<p class=\"wp-block-paragraph\"><\/p>","protected":false},"excerpt":{"rendered":"<p>Uma boa sombra no jardim n\u00e3o tem tanto a ver com cobrir tudo, mas sim com controlar a exposi\u00e7\u00e3o solar onde e quando \u00e9 necess\u00e1rio. Este guia compara p\u00e9rgulas, guarda-s\u00f3is, gazebos, cabanas e sombra natural para o ajudar a criar um espa\u00e7o exterior mais fresco e mais funcional.<\/p>","protected":false},"author":1,"featured_media":693,"comment_status":"open","ping_status":"open","sticky":false,"template":"","format":"standard","meta":{"_gspb_post_css":"","footnotes":""},"categories":[36,37,38,1],"tags":[55,58,54,59,57,56],"class_list":["post-249","post","type-post","status-publish","format-standard","has-post-thumbnail","hentry","category-design-customization","category-buying-sourcing","category-manufacturing-quality","category-outdoor-furniture-trends","tag-backyard-shade","tag-garden-parasols","tag-garden-shade-ideas","tag-outdoor-living","tag-patio-shade-ideas","tag-pergola-ideas"],"blocksy_meta":{"styles_descriptor":{"styles":{"desktop":"","tablet":"","mobile":""},"google_fonts":[],"version":8}},"_links":{"self":[{"href":"https:\/\/ipocasfurniture.com\/pt\/wp-json\/wp\/v2\/posts\/249","targetHints":{"allow":["GET"]}}],"collection":[{"href":"https:\/\/ipocasfurniture.com\/pt\/wp-json\/wp\/v2\/posts"}],"about":[{"href":"https:\/\/ipocasfurniture.com\/pt\/wp-json\/wp\/v2\/types\/post"}],"author":[{"embeddable":true,"href":"https:\/\/ipocasfurniture.com\/pt\/wp-json\/wp\/v2\/users\/1"}],"replies":[{"embeddable":true,"href":"https:\/\/ipocasfurniture.com\/pt\/wp-json\/wp\/v2\/comments?post=249"}],"version-history":[{"count":2,"href":"https:\/\/ipocasfurniture.com\/pt\/wp-json\/wp\/v2\/posts\/249\/revisions"}],"predecessor-version":[{"id":695,"href":"https:\/\/ipocasfurniture.com\/pt\/wp-json\/wp\/v2\/posts\/249\/revisions\/695"}],"wp:featuredmedia":[{"embeddable":true,"href":"https:\/\/ipocasfurniture.com\/pt\/wp-json\/wp\/v2\/media\/693"}],"wp:attachment":[{"href":"https:\/\/ipocasfurniture.com\/pt\/wp-json\/wp\/v2\/media?parent=249"}],"wp:term":[{"taxonomy":"category","embeddable":true,"href":"https:\/\/ipocasfurniture.com\/pt\/wp-json\/wp\/v2\/categories?post=249"},{"taxonomy":"post_tag","embeddable":true,"href":"https:\/\/ipocasfurniture.com\/pt\/wp-json\/wp\/v2\/tags?post=249"}],"curies":[{"name":"wp","href":"https:\/\/api.w.org\/{rel}","templated":true}]}}